{"id":29603,"date":"2021-11-04T09:22:25","date_gmt":"2021-11-04T09:22:25","guid":{"rendered":"https:\/\/femivoz.es\/syndrome-de-la-voix-impostrice-et-processus-dassimilation-de-la-nouvelle-voix\/"},"modified":"2022-06-08T13:40:57","modified_gmt":"2022-06-08T13:40:57","slug":"syndrome-de-la-voix-impostrice","status":"publish","type":"post","link":"https:\/\/femivoz.es\/fr\/syndrome-de-la-voix-impostrice\/","title":{"rendered":"Syndrome de la voix impostrice et processus d\u2019assimilation de la nouvelle voix"},"content":{"rendered":"\n<div class=\"wp-block-cover\" style=\"min-height:154px;aspect-ratio:unset;\"><span aria-hidden=\"true\" class=\"wp-block-cover__background has-background-dim-100 has-background-dim\" style=\"background-color:#6e7171\"><\/span><div class=\"wp-block-cover__inner-container is-layout-flow wp-block-cover-is-layout-flow\">\n<p><em><strong>\u00ab\u00a0Je ne pourrais entra\u00eener les voix de mes patientes sans prendre en compte leur personnalit\u00e9 globale et vocale, car cela serait comme avoir une voiture sans moteur et essayer de la faire rouler&#8230;\u00a0\u00bb<\/strong><\/em><\/p>\n<\/div><\/div>\n\n\n<p>\u00a0<\/p>\n<p style=\"text-align: justify;\">Lors de l&rsquo;<strong><a href=\"https:\/\/femivoz.es\/fr\/feminisation-de-la-voix\/\">e<\/a><a href=\"https:\/\/femivoz.es\/fr\/feminisation-de-la-voix\/\">ntra\u00eenement de f\u00e9minisation<\/a> et d\u2019harmonisation de la voix, nous passons par trois phases<\/strong> qui nous conduisent petit \u00e0 petit \u00e0 <strong>l&rsquo;assimilation, la personnalisation et la naturalisation de la nouvelle voix<\/strong>. La derni\u00e8re phase est souvent la plus complexe, elle peut parfois s&rsquo;\u00e9tendre sur plusieurs semaines voire sur plusieurs mois.<\/p>\n<p style=\"text-align: justify;\">Cette phase d\u00e9pend \u00e9norm\u00e9ment du processus d&rsquo;assimilation des acquis quant \u00e0 la nouvelle dynamique vocale, li\u00e9s bien s\u00fbr aux capacit\u00e9s et potentiels d&rsquo;apprentissage de chaque personne.<\/p>\n<p style=\"text-align: justify;\">Ainsi, <strong>la phase d&rsquo;automatisation diff\u00e8re d&rsquo;une personne \u00e0 l&rsquo;autre<\/strong> dans sa dur\u00e9e, dans sa complexit\u00e9 dans son acceptation.<\/p>\n<p style=\"text-align: justify;\">Pour cela, il est important de comprendre que m\u00eame si je propose un entra\u00eenement vocal en 10 s\u00e9ances, <strong>cette phase d\u2019automatisation peut parfois se prolonger au-del\u00e0 de l&rsquo;entra\u00eenement vocal<\/strong>.<\/p>\n<p style=\"text-align: justify;\"><strong>Il s&rsquo;agit d&rsquo;une phase personnelle, n\u00e9cessitant d\u2019une grande discipline, d\u2019une attention constante et d&rsquo;une prise de conscience accrue du nouveau geste vocal.<\/strong><\/p>\n<p style=\"text-align: justify;\">C&rsquo;est une phase qui peut \u00eatre tr\u00e8s courte, surtout chez des personnes jeunes n&rsquo;ayant pas eu le temps d&rsquo;assimiler totalement un geste vocal masculin, et plus long chez des personnes qui ont ancr\u00e9 une dynamique ou habitude vocale masculine pendant plusieurs ann\u00e9es voire plusieurs d\u00e9cennies. N\u00e9anmoins, <strong>cette automatisation finit toujours par arriver<\/strong>, m\u00eame si cela peut prendre un peu de temps.<\/p>\n<p style=\"text-align: justify;\">Il est n\u00e9cessaire parfois de r\u00e9aliser un travail de prise de conscience au niveau psychologique et \u00e9motionnel pour garantir l\u2019assimilation de la nouvelle voix. Il m&rsquo;arrive souvent de travailler avec des personnes qui ressentent un profond rejet face \u00e0 cette nouvelle voix de fa\u00e7on totalement inconsciente, ce qui finit par cr\u00e9er une grande frustration et entrave la phase d&rsquo;automatisation. Il s&rsquo;agit de ce que je nomme la phase de la voix impostrice.<\/p>\n<p style=\"text-align: justify;\"><strong>\u201cJ\u2019AI LA SENSATION DE NE PAS \u00caTRE MOI QUAND J\u2019UTILISE CETTE VOIX\u201d<\/strong><\/p>\n<p style=\"text-align: justify;\">Je dirais qu&rsquo;un 20 % de mes patientes passe par cette phase. <strong>Ce <a href=\"http:\/\/cabhrupsychotherapy.ie\/femininity-what-is-the-hyper-feminine-woman-of-today-and-how-does-she-come-to-be\/\">syndrome de la voix impostrice<\/a> se traduit par le sentiment que la nouvelle voix ne leur appartient pas<\/strong>. Les patientes ont la sensation qu&rsquo;elles jouent \u00e0 \u00eatre une autre personne lorsqu&rsquo;elles parlent avec des personnes proches, comme des membres de leur famille ou des amis. Elles ressentent que cette nouvelle voix n&rsquo;est pas le reflet de qui elles sont r\u00e9ellement. Ce sentiment est tr\u00e8s frustrant parce qu\u2019effectivement il y a un cheminement qui s&rsquo;est effectu\u00e9 d\u00e8s la premi\u00e8re s\u00e9ance avec des expectatives, des attentes, des objectifs et parfois cette phase m\u00e8ne \u00e0 une profonde d\u00e9ception non pas envers la voix atteinte mais envers soi-m\u00eame.<\/p>\n<p style=\"text-align: justify;\"><strong>Lors de mes 17 derni\u00e8res ann\u00e9es de carri\u00e8re, je me souviens de deux cas o\u00f9 apr\u00e8s une quinzaine de s\u00e9ances, la personne a d\u00e9cid\u00e9 de revenir en arri\u00e8re.<\/strong><\/p>\n<p style=\"text-align: justify;\">Et m\u00eame si sa voix n&rsquo;\u00e9tait plus totalement comme celle qu&rsquo;elle avait au d\u00e9but (puisque effectivement on ressentait l&rsquo;impact de l&rsquo;entra\u00eenement vocal r\u00e9alis\u00e9 pendant des mois sur la voix), la personne a finalement opt\u00e9 pour retourner vers un sch\u00e9ma vocal ant\u00e9rieur proche de celui qu&rsquo;elle avait au d\u00e9but de l&rsquo;entra\u00eenement vocal.<\/p>\n<p style=\"text-align: justify;\"><strong>Il ne faut pas oublier que dans ce cheminement de modification identitaire de la voix il y a un \u00e9l\u00e9ment tr\u00e8s particulier et profond \u00e0 respecter: la personnalit\u00e9 vocale.<\/strong><\/p>\n<p style=\"text-align: justify;\">Il est important de distinguer la personnalit\u00e9 vocale de l&rsquo;identit\u00e9 vocale :<\/p>\n<ul>\n<li style=\"text-align: justify;\"><strong>l&rsquo;identit\u00e9 vocale est le reflet social de la personne<\/strong> que nous sommes face \u00e0 un entourage qui nous impose souvent des dogmes vocaux \u00e0 respecter,<\/li>\n<li style=\"text-align: justify;\"><strong>la personnalit\u00e9 vocale est l&rsquo;expression de notre perception du monde<\/strong> interagissant avec notre capacit\u00e9 d&rsquo;exprimer nos \u00e9motions d&rsquo;une fa\u00e7on propre et unique.<\/li>\n<\/ul>\n<p style=\"text-align: justify;\"><strong>L&rsquo;ensemble des deux<\/strong>, \u00e0 savoir, la conjonction entre l&rsquo;identit\u00e9 et la personnalit\u00e9 vocale, <strong>nous m\u00e8ne \u00e0 un \u00e9quilibre, une harmonie qui se traduit par une profonde sensation de bien-\u00eatre lorsque nous nous exprimons<\/strong>. C&rsquo;est ce que nous recherchons lors de l&rsquo;entra\u00eenement de f\u00e9minisation et d&rsquo;harmonisation de la voix.<\/p>\n<p style=\"text-align: justify;\">Je ne pourrais entra\u00eener les voix de mes patientes sans prendre en compte leur personnalit\u00e9 globale et vocale, car cela serait comme avoir une voiture sans moteur et essayer de la faire rouler.<\/p>\n<p style=\"text-align: justify;\">Certes, <strong>cette identit\u00e9 vocale<\/strong>, qui est la plupart du temps destin\u00e9e \u00e0 satisfaire une attente sociale \u00e0 la recherche d\u2019une valorisation ou d\u2019une acceptation sociale, <strong>ne peut s&rsquo;av\u00e9rer \u00e9quilibr\u00e9e si elle ne prend pas en compte la personnalit\u00e9 vocale<\/strong>.<\/p>\n<p style=\"text-align: justify;\">Le syndrome de la voix impostrice est le reflet m\u00eame d&rsquo;un conflit entre le d\u00e9veloppement de l&rsquo;identit\u00e9 via un entra\u00eenement vocal et l&rsquo;expression de la personnalit\u00e9 vocale \u00e0 travers l\u2019expression de soi.<\/p>\n<p>\u00a0<\/p>\n<h2><span style=\"color: #ff0064;\"><strong>\u00bf AUTOMATISER LA NOUVELLE VOIX OU REVENIR SUR NOS PAS ?<\/strong><\/span><\/h2>\n<p style=\"text-align: justify;\">La question se pose sur que faire lors de situations o\u00f9 la patiente ressent qu\u2019elle utilise une voix qui ne lui appartient pas, qui ne lui ressemble pas et qu&rsquo;elle \u00e9prouve des difficult\u00e9s \u00e0 l&rsquo;assimiler ou \u00e0 la personnaliser ?<\/p>\n<p style=\"text-align: justify;\">Il est important de comprendre que le but ultime de l&rsquo;entra\u00eenement vocal <strong>est de satisfaire les attentes de la patiente et de l&rsquo;aider \u00e0 trouver une harmonie et un \u00e9quilibre vocal<\/strong> qui lui correspondent et avec lesquelles elle se sente totalement identifi\u00e9e. L\u2019id\u00e9e ici n&rsquo;est pas d\u2019obliger la patiente \u00e0 utiliser une voix avec laquelle elle ne se sente pas \u00e0 l&rsquo;aise, mais bien de <strong>l&rsquo;aider \u00e0 trouver un \u00e9quilibre qui lui correspond et surtout \u00e0 exprimer ses \u00e9motions d&rsquo;une fa\u00e7on naturelle en respectant sa personnalit\u00e9 globale et vocale<\/strong> ainsi que sa recherche d&rsquo;expression de son identit\u00e9.<\/p>\n<p style=\"text-align: justify;\">La plupart du temps, ce syndrome de la voix impostrice fait surface lorsque la patiente commence \u00e0 utiliser la nouvelle voix ou \u00e0 appliquer ce qu&rsquo;elle a appris lors des s\u00e9ances dans sa vie quotidienne. En effet, en partant d&rsquo;une phase d&rsquo;exag\u00e9ration, les premi\u00e8res tentatives de la patiente sont souvent peu naturelles ou manquent de constance. Ceci fait bien s\u00fbr partie du jeu et habituellement se r\u00e9gularise assez rapidement.<\/p>\n<p><strong>Il m&rsquo;est arriv\u00e9 de travailler avec des patientes qui, malgr\u00e9 le fait de produire une voix tr\u00e8s f\u00e9minine, m\u00e9lodieuse, avec un sch\u00e9ma intonatoire tr\u00e8s f\u00e9minin, elles ne se sentaient pas du tout identifi\u00e9es avec ce nouveau geste vocal et la voix d&rsquo;avant leur manquait. Elles y avaient donc recours en cachette afin de ne pas me d\u00e9cevoir ou de ne pas se d\u00e9cevoir elles-m\u00eame.<\/strong><\/p>\n<p style=\"text-align: justify;\">Il est important, dans ce genre de phase, d&rsquo;\u00e9voquer la difficult\u00e9 de la patiente face \u00e0 ce sentiment d&rsquo;imposture, puisque c&rsquo;est dans la communication et dans l&rsquo;expression de ces difficult\u00e9s que <strong>nous trouverons ensemble une solution et un \u00e9quilibre<\/strong> qui correspondra totalement aux attentes les plus profondes et intimes de la patiente \u00e0 <strong>pouvoir s&rsquo;exprimer d&rsquo;une fa\u00e7on avec laquelle elle se sente totalement identifi\u00e9e<\/strong>.<\/p>\n<p style=\"text-align: justify;\">Quant \u00e0 la d\u00e9cision de poursuivre dans la direction prise, \u00e0 savoir:<\/p>\n<ul>\n<li style=\"text-align: justify;\"><strong>avancer vers l&rsquo;automatisation<\/strong> de cette nouvelle voix (ce qui semble bien s\u00fbr \u00eatre le meilleur choix mais ne l\u2019est pas toujours),<\/li>\n<li style=\"text-align: justify;\">ou revenir sur nos pas, \u00e0 savoir, <strong>retourner vers cette expression initiale de l\u2019identit\u00e9 au niveau vocal en priorisant l&rsquo;expression de la personnalit\u00e9 vocale<\/strong>, des \u00e9motions, du moi \u00e9motionnel en d\u00e9pit d&rsquo;une identit\u00e9 vocale sociale qui, certes, faciliterait davantage l&rsquo;acceptation et la valorisation de la personne au niveau social, familial, professionnel).<\/li>\n<\/ul>\n<p style=\"text-align: justify;\"><strong>Il est clair que ce choix d\u00e9pend enti\u00e8rement de la volont\u00e9 de la patiente.<\/strong><\/p>\n<p style=\"text-align: justify;\">Moi, en tant que guide, en tant que logop\u00e8de-amie ou orthophoniste-amie, <strong>je suis l\u00e0 pour \u00e9pauler, soutenir, accompagner ma patiente dans son choix<\/strong>, quel qu&rsquo;il soit, mais surtout, je suis l\u00e0 pour r\u00e9duire l&rsquo;anxi\u00e9t\u00e9, la frustration et les angoisses que ce cheminement vers une voix impostrice pourraient entra\u00eener.<\/p>\n\n\t\t<div data-elementor-type=\"section\" data-elementor-id=\"34320\" class=\"elementor elementor-34320 elementor-33276\" data-elementor-settings=\"{&quot;ha_cmc_init_switcher&quot;:&quot;no&quot;}\" data-elementor-post-type=\"elementor_library\">\n\t\t\t\t\t<section class=\"elementor-section elementor-top-section elementor-element elementor-element-542beec5 elementor-section-boxed elementor-section-height-default elementor-section-height-default\" data-id=\"542beec5\" data-element_type=\"section\" data-settings=\"{&quot;jet_parallax_layout_list&quot;:[{&quot;jet_parallax_layout_image&quot;:{&quot;url&quot;:&quot;&quot;,&quot;id&quot;:&quot;&quot;,&quot;size&quot;:&quot;&quot;},&quot;_id&quot;:&quot;5ea9a02&quot;,&quot;jet_parallax_layout_image_tablet&quot;:{&quot;url&quot;:&quot;&quot;,&quot;id&quot;:&quot;&quot;,&quot;size&quot;:&quot;&quot;},&quot;jet_parallax_layout_image_mobile&quot;:{&quot;url&quot;:&quot;&quot;,&quot;id&quot;:&quot;&quot;,&quot;size&quot;:&quot;&quot;},&quot;jet_parallax_layout_speed&quot;:{&quot;unit&quot;:&quot;%&quot;,&quot;size&quot;:50,&quot;sizes&quot;:[]},&quot;jet_parallax_layout_type&quot;:&quot;scroll&quot;,&quot;jet_parallax_layout_direction&quot;:&quot;1&quot;,&quot;jet_parallax_layout_fx_direction&quot;:null,&quot;jet_parallax_layout_z_index&quot;:&quot;&quot;,&quot;jet_parallax_layout_bg_x&quot;:50,&quot;jet_parallax_layout_bg_x_tablet&quot;:&quot;&quot;,&quot;jet_parallax_layout_bg_x_mobile&quot;:&quot;&quot;,&quot;jet_parallax_layout_bg_y&quot;:50,&quot;jet_parallax_layout_bg_y_tablet&quot;:&quot;&quot;,&quot;jet_parallax_layout_bg_y_mobile&quot;:&quot;&quot;,&quot;jet_parallax_layout_bg_size&quot;:&quot;auto&quot;,&quot;jet_parallax_layout_bg_size_tablet&quot;:&quot;&quot;,&quot;jet_parallax_layout_bg_size_mobile&quot;:&quot;&quot;,&quot;jet_parallax_layout_animation_prop&quot;:&quot;transform&quot;,&quot;jet_parallax_layout_on&quot;:[&quot;desktop&quot;,&quot;tablet&quot;]}],&quot;_ha_eqh_enable&quot;:false}\">\n\t\t\t\t\t\t<div class=\"elementor-container elementor-column-gap-default\">\n\t\t\t\t\t<div class=\"elementor-column elementor-col-50 elementor-top-column elementor-element elementor-element-64e71277\" data-id=\"64e71277\" data-element_type=\"column\">\n\t\t\t<div class=\"elementor-widget-wrap elementor-element-populated\">\n\t\t\t\t\t\t<div class=\"elementor-element elementor-element-7022d361 elementor-widget elementor-widget-image\" data-id=\"7022d361\" data-element_type=\"widget\" data-widget_type=\"image.default\">\n\t\t\t\t\t\t\t\t\t\t\t\t\t\t\t<img fetchpriority=\"high\" decoding=\"async\" width=\"1080\" height=\"1400\" src=\"https:\/\/femivoz.es\/wp-content\/uploads\/2021\/11\/MARIELA-BLOG.png\" class=\"attachment-full size-full wp-image-33120\" alt=\"Mariela Astudillo Logop\u00e8de sp\u00e9cialis\u00e9e en f\u00e9minisation de la voix\" srcset=\"https:\/\/femivoz.es\/wp-content\/uploads\/2021\/11\/MARIELA-BLOG.png 1080w, https:\/\/femivoz.es\/wp-content\/uploads\/2021\/11\/MARIELA-BLOG-510x661.png 510w, https:\/\/femivoz.es\/wp-content\/uploads\/2021\/11\/MARIELA-BLOG-231x300.png 231w, https:\/\/femivoz.es\/wp-content\/uploads\/2021\/11\/MARIELA-BLOG-790x1024.png 790w, https:\/\/femivoz.es\/wp-content\/uploads\/2021\/11\/MARIELA-BLOG-768x996.png 768w\" sizes=\"(max-width: 1080px) 100vw, 1080px\" \/>\t\t\t\t\t\t\t\t\t\t\t\t\t\t\t<\/div>\n\t\t\t\t\t<\/div>\n\t\t<\/div>\n\t\t\t\t<div class=\"elementor-column elementor-col-50 elementor-top-column elementor-element elementor-element-5aa3ddd6\" data-id=\"5aa3ddd6\" data-element_type=\"column\">\n\t\t\t<div class=\"elementor-widget-wrap elementor-element-populated\">\n\t\t\t\t\t\t<div class=\"elementor-element elementor-element-5b974e60 elementor-widget elementor-widget-text-editor\" data-id=\"5b974e60\" data-element_type=\"widget\" data-widget_type=\"text-editor.default\">\n\t\t\t\t\t\t\t\t\t<h3 style=\"text-align: left;\"><span style=\"color: #808080;\">ARTICLE \u00c9CRIT PAR<\/span><\/h3>\t\t\t\t\t\t\t\t<\/div>\n\t\t\t\t<div class=\"elementor-element elementor-element-8906216 elementor-widget elementor-widget-text-editor\" data-id=\"8906216\" data-element_type=\"widget\" data-widget_type=\"text-editor.default\">\n\t\t\t\t\t\t\t\t\t<p style=\"text-align: left;\"><span style=\"color: #000000;\"><strong>MARIELA ASTUDILLO<\/strong><\/span><\/p>\t\t\t\t\t\t\t\t<\/div>\n\t\t\t\t<div class=\"elementor-element elementor-element-7c1cfe65 elementor-widget elementor-widget-text-editor\" data-id=\"7c1cfe65\" data-element_type=\"widget\" data-widget_type=\"text-editor.default\">\n\t\t\t\t\t\t\t\t\t<p style=\"text-align: left;\"><em>Logop\u00e8de sp\u00e9cialis\u00e9e en <a href=\"https:\/\/femivoz.es\/fr\/feminisation-de-la-voix\/\"><strong>f\u00e9minisation de la voix<\/strong><\/a>, auteure de la Logop\u00e8die \u00c9motionnelle et de la M\u00e9thode Astudillo<\/em><\/p>\t\t\t\t\t\t\t\t<\/div>\n\t\t\t\t<div class=\"elementor-element elementor-element-203dba3c elementor-align-left elementor-widget elementor-widget-button\" data-id=\"203dba3c\" data-element_type=\"widget\" data-widget_type=\"button.default\">\n\t\t\t\t\t\t\t\t\t\t<a class=\"elementor-button elementor-button-link elementor-size-sm\" href=\"https:\/\/femivoz.es\/fr\/calendrier-de-rendez-vous\/\">\n\t\t\t\t\t\t<span class=\"elementor-button-content-wrapper\">\n\t\t\t\t\t\t<span class=\"elementor-button-icon\">\n\t\t\t\t<svg aria-hidden=\"true\" class=\"e-font-icon-svg e-fas-book-reader\" viewBox=\"0 0 512 512\" xmlns=\"http:\/\/www.w3.org\/2000\/svg\"><path d=\"M352 96c0-53.02-42.98-96-96-96s-96 42.98-96 96 42.98 96 96 96 96-42.98 96-96zM233.59 241.1c-59.33-36.32-155.43-46.3-203.79-49.05C13.55 191.13 0 203.51 0 219.14v222.8c0 14.33 11.59 26.28 26.49 27.05 43.66 2.29 131.99 10.68 193.04 41.43 9.37 4.72 20.48-1.71 20.48-11.87V252.56c-.01-4.67-2.32-8.95-6.42-11.46zm248.61-49.05c-48.35 2.74-144.46 12.73-203.78 49.05-4.1 2.51-6.41 6.96-6.41 11.63v245.79c0 10.19 11.14 16.63 20.54 11.9 61.04-30.72 149.32-39.11 192.97-41.4 14.9-.78 26.49-12.73 26.49-27.06V219.14c-.01-15.63-13.56-28.01-29.81-27.09z\"><\/path><\/svg>\t\t\t<\/span>\n\t\t\t\t\t\t\t\t\t<span class=\"elementor-button-text\">DEMANDEZ VOTRE 1\u00ba RDV GRATUIT<\/span>\n\t\t\t\t\t<\/span>\n\t\t\t\t\t<\/a>\n\t\t\t\t\t\t\t\t<\/div>\n\t\t\t\t\t<\/div>\n\t\t<\/div>\n\t\t\t\t\t<\/div>\n\t\t<\/section>\n\t\t\t\t<\/div>\n\t\t\n","protected":false},"excerpt":{"rendered":"<p>\u00a0 Lors de l&rsquo;entra\u00eenement de f\u00e9minisation et d\u2019harmonisation de la voix, nous passons par trois phases qui nous conduisent petit \u00e0 petit \u00e0 l&rsquo;assimilation, la personnalisation et la naturalisation de la nouvelle voix. La derni\u00e8re phase est souvent la plus complexe, elle peut parfois s&rsquo;\u00e9tendre sur plusieurs semaines voire sur plusieurs mois. Cette phase d\u00e9pend [&hellip;]<\/p>\n","protected":false},"author":3,"featured_media":50498,"comment_status":"closed","ping_status":"open","sticky":false,"template":"","format":"standard","meta":{"_acf_changed":false,"footnotes":""},"categories":[311,58,313,312],"tags":[199,447,247,297],"class_list":["post-29603","post","type-post","status-publish","format-standard","has-post-thumbnail","hentry","category-feminisation-de-la-voix","category-logopedie","category-methode-astudillo","category-voix","tag-automatisation","tag-automatisation-fr","tag-feminisation-de-la-voix","tag-voix-impostrice"],"acf":[],"yoast_head":"<!-- This site is optimized with the Yoast SEO Premium plugin v19.6 (Yoast SEO v26.7) - https:\/\/yoast.com\/wordpress\/plugins\/seo\/ -->\n<title>Syndrome de la voix impostrice et assimilation de la nouvelle voix | Femivoz<\/title>\n<meta name=\"description\" content=\"Syndrome de la voix impostrice: Le processus d\u2019assimilation de la nouvelle voix et le syndrome de la voix impostrice.\" \/>\n<meta name=\"robots\" content=\"index, follow, max-snippet:-1, max-image-preview:large, max-video-preview:-1\" \/>\n<link rel=\"canonical\" href=\"https:\/\/femivoz.es\/fr\/syndrome-de-la-voix-impostrice\/\" \/>\n<meta property=\"og:locale\" content=\"fr_FR\" \/>\n<meta property=\"og:type\" content=\"article\" \/>\n<meta property=\"og:title\" content=\"Syndrome de la voix impostrice et processus d\u2019assimilation de la nouvelle voix\" \/>\n<meta property=\"og:description\" content=\"Syndrome de la voix impostrice: Le processus d\u2019assimilation de la nouvelle voix et le syndrome de la voix impostrice.\" \/>\n<meta property=\"og:url\" content=\"https:\/\/femivoz.es\/fr\/syndrome-de-la-voix-impostrice\/\" \/>\n<meta property=\"og:site_name\" content=\"Femivoz\" \/>\n<meta property=\"article:publisher\" content=\"https:\/\/www.facebook.com\/femivoz\" \/>\n<meta property=\"article:published_time\" content=\"2021-11-04T09:22:25+00:00\" \/>\n<meta property=\"article:modified_time\" content=\"2022-06-08T13:40:57+00:00\" \/>\n<meta property=\"og:image\" content=\"https:\/\/femivoz.es\/wp-content\/uploads\/2021\/11\/FOTO-ARTICULO-MARIELA-scaled.jpg\" \/>\n\t<meta property=\"og:image:width\" content=\"2560\" \/>\n\t<meta property=\"og:image:height\" content=\"1573\" \/>\n\t<meta property=\"og:image:type\" content=\"image\/jpeg\" \/>\n<meta name=\"author\" content=\"MARIELA ASTUDILLO RAM\u00cdREZ\" \/>\n<meta name=\"twitter:card\" content=\"summary_large_image\" \/>\n<meta name=\"twitter:creator\" content=\"@femivoz\" \/>\n<meta name=\"twitter:site\" content=\"@femivoz\" \/>\n<meta name=\"twitter:label1\" content=\"\u00c9crit par\" \/>\n\t<meta name=\"twitter:data1\" content=\"MARIELA ASTUDILLO RAM\u00cdREZ\" \/>\n\t<meta name=\"twitter:label2\" content=\"Dur\u00e9e de lecture estim\u00e9e\" \/>\n\t<meta name=\"twitter:data2\" content=\"6 minutes\" \/>\n<script type=\"application\/ld+json\" class=\"yoast-schema-graph\">{\"@context\":\"https:\/\/schema.org\",\"@graph\":[{\"@type\":\"Article\",\"@id\":\"https:\/\/femivoz.es\/fr\/syndrome-de-la-voix-impostrice\/#article\",\"isPartOf\":{\"@id\":\"https:\/\/femivoz.es\/fr\/syndrome-de-la-voix-impostrice\/\"},\"author\":{\"name\":\"MARIELA ASTUDILLO RAM\u00cdREZ\",\"@id\":\"https:\/\/femivoz.es\/fr\/#\/schema\/person\/b3c51235c8abe8a338ef08d1a5f4f177\"},\"headline\":\"Syndrome de la voix impostrice et processus d\u2019assimilation de la nouvelle voix\",\"datePublished\":\"2021-11-04T09:22:25+00:00\",\"dateModified\":\"2022-06-08T13:40:57+00:00\",\"mainEntityOfPage\":{\"@id\":\"https:\/\/femivoz.es\/fr\/syndrome-de-la-voix-impostrice\/\"},\"wordCount\":1409,\"publisher\":{\"@id\":\"https:\/\/femivoz.es\/fr\/#organization\"},\"image\":{\"@id\":\"https:\/\/femivoz.es\/fr\/syndrome-de-la-voix-impostrice\/#primaryimage\"},\"thumbnailUrl\":\"https:\/\/femivoz.es\/wp-content\/uploads\/Design-sans-titre-2.png\",\"keywords\":[\"#AUTOMATISATION\",\"#AUTOMATISATION\",\"#F\u00c9MINISATIONDELAVOIX\",\"#VOIXIMPOSTRICE\"],\"articleSection\":[\"F\u00c9MINISATION DE LA VOIX\",\"LOGOP\u00c9DIE\",\"M\u00c9THODE ASTUDILLO\",\"VOIX\"],\"inLanguage\":\"fr-FR\"},{\"@type\":\"WebPage\",\"@id\":\"https:\/\/femivoz.es\/fr\/syndrome-de-la-voix-impostrice\/\",\"url\":\"https:\/\/femivoz.es\/fr\/syndrome-de-la-voix-impostrice\/\",\"name\":\"Syndrome de la voix impostrice et assimilation de la nouvelle voix | Femivoz\",\"isPartOf\":{\"@id\":\"https:\/\/femivoz.es\/fr\/#website\"},\"primaryImageOfPage\":{\"@id\":\"https:\/\/femivoz.es\/fr\/syndrome-de-la-voix-impostrice\/#primaryimage\"},\"image\":{\"@id\":\"https:\/\/femivoz.es\/fr\/syndrome-de-la-voix-impostrice\/#primaryimage\"},\"thumbnailUrl\":\"https:\/\/femivoz.es\/wp-content\/uploads\/Design-sans-titre-2.png\",\"datePublished\":\"2021-11-04T09:22:25+00:00\",\"dateModified\":\"2022-06-08T13:40:57+00:00\",\"description\":\"Syndrome de la voix impostrice: Le processus d\u2019assimilation de la nouvelle voix et le syndrome de la voix impostrice.\",\"breadcrumb\":{\"@id\":\"https:\/\/femivoz.es\/fr\/syndrome-de-la-voix-impostrice\/#breadcrumb\"},\"inLanguage\":\"fr-FR\",\"potentialAction\":[{\"@type\":\"ReadAction\",\"target\":[\"https:\/\/femivoz.es\/fr\/syndrome-de-la-voix-impostrice\/\"]}]},{\"@type\":\"ImageObject\",\"inLanguage\":\"fr-FR\",\"@id\":\"https:\/\/femivoz.es\/fr\/syndrome-de-la-voix-impostrice\/#primaryimage\",\"url\":\"https:\/\/femivoz.es\/wp-content\/uploads\/Design-sans-titre-2.png\",\"contentUrl\":\"https:\/\/femivoz.es\/wp-content\/uploads\/Design-sans-titre-2.png\",\"width\":1280,\"height\":720},{\"@type\":\"BreadcrumbList\",\"@id\":\"https:\/\/femivoz.es\/fr\/syndrome-de-la-voix-impostrice\/#breadcrumb\",\"itemListElement\":[{\"@type\":\"ListItem\",\"position\":1,\"name\":\"Portada\",\"item\":\"https:\/\/femivoz.es\/\"},{\"@type\":\"ListItem\",\"position\":2,\"name\":\"Syndrome de la voix impostrice et processus d\u2019assimilation de la nouvelle voix\"}]},{\"@type\":\"WebSite\",\"@id\":\"https:\/\/femivoz.es\/fr\/#website\",\"url\":\"https:\/\/femivoz.es\/fr\/\",\"name\":\"Femivoz\",\"description\":\"F\u00e9minisation de la voix en ligne avec la logop\u00e8de Mariela Astudillo. S\u00e9ances en ligne. 1\u00ba RDV Gratuit.\",\"publisher\":{\"@id\":\"https:\/\/femivoz.es\/fr\/#organization\"},\"potentialAction\":[{\"@type\":\"SearchAction\",\"target\":{\"@type\":\"EntryPoint\",\"urlTemplate\":\"https:\/\/femivoz.es\/fr\/?s={search_term_string}\"},\"query-input\":{\"@type\":\"PropertyValueSpecification\",\"valueRequired\":true,\"valueName\":\"search_term_string\"}}],\"inLanguage\":\"fr-FR\"},{\"@type\":\"Organization\",\"@id\":\"https:\/\/femivoz.es\/fr\/#organization\",\"name\":\"FEMIVOZ\",\"url\":\"https:\/\/femivoz.es\/fr\/\",\"logo\":{\"@type\":\"ImageObject\",\"inLanguage\":\"fr-FR\",\"@id\":\"https:\/\/femivoz.es\/fr\/#\/schema\/logo\/image\/\",\"url\":\"https:\/\/femivoz.es\/wp-content\/uploads\/2018\/05\/Logo-femivoz-2018-HD-B.png\",\"contentUrl\":\"https:\/\/femivoz.es\/wp-content\/uploads\/2018\/05\/Logo-femivoz-2018-HD-B.png\",\"width\":2210,\"height\":658,\"caption\":\"FEMIVOZ\"},\"image\":{\"@id\":\"https:\/\/femivoz.es\/fr\/#\/schema\/logo\/image\/\"},\"sameAs\":[\"https:\/\/www.facebook.com\/femivoz\",\"https:\/\/x.com\/femivoz\",\"https:\/\/www.instagram.com\/femivoz\/\",\"https:\/\/www.linkedin.com\/in\/femivoz-mariela-astudillo-1401ab21a\/\",\"https:\/\/www.youtube.com\/channel\/UC33Zf-WKvD_Gd_tosA47SFw\"]},{\"@type\":\"Person\",\"@id\":\"https:\/\/femivoz.es\/fr\/#\/schema\/person\/b3c51235c8abe8a338ef08d1a5f4f177\",\"name\":\"MARIELA ASTUDILLO RAM\u00cdREZ\",\"image\":{\"@type\":\"ImageObject\",\"inLanguage\":\"fr-FR\",\"@id\":\"https:\/\/femivoz.es\/fr\/#\/schema\/person\/image\/\",\"url\":\"https:\/\/secure.gravatar.com\/avatar\/928f9828915696e14c2a38413871ed84aee84ab3d58353f47c32d0ca8c11a9d6?s=96&d=mm&r=g\",\"contentUrl\":\"https:\/\/secure.gravatar.com\/avatar\/928f9828915696e14c2a38413871ed84aee84ab3d58353f47c32d0ca8c11a9d6?s=96&d=mm&r=g\",\"caption\":\"MARIELA ASTUDILLO RAM\u00cdREZ\"},\"sameAs\":[\"http:\/\/www.femivoz.es\"],\"url\":\"https:\/\/femivoz.es\/fr\/author\/astudillomariela\/\"}]}<\/script>\n<!-- \/ Yoast SEO Premium plugin. -->","yoast_head_json":{"title":"Syndrome de la voix impostrice et assimilation de la nouvelle voix | Femivoz","description":"Syndrome de la voix impostrice: Le processus d\u2019assimilation de la nouvelle voix et le syndrome de la voix impostrice.","robots":{"index":"index","follow":"follow","max-snippet":"max-snippet:-1","max-image-preview":"max-image-preview:large","max-video-preview":"max-video-preview:-1"},"canonical":"https:\/\/femivoz.es\/fr\/syndrome-de-la-voix-impostrice\/","og_locale":"fr_FR","og_type":"article","og_title":"Syndrome de la voix impostrice et processus d\u2019assimilation de la nouvelle voix","og_description":"Syndrome de la voix impostrice: Le processus d\u2019assimilation de la nouvelle voix et le syndrome de la voix impostrice.","og_url":"https:\/\/femivoz.es\/fr\/syndrome-de-la-voix-impostrice\/","og_site_name":"Femivoz","article_publisher":"https:\/\/www.facebook.com\/femivoz","article_published_time":"2021-11-04T09:22:25+00:00","article_modified_time":"2022-06-08T13:40:57+00:00","og_image":[{"width":2560,"height":1573,"url":"https:\/\/femivoz.es\/wp-content\/uploads\/2021\/11\/FOTO-ARTICULO-MARIELA-scaled.jpg","type":"image\/jpeg"}],"author":"MARIELA ASTUDILLO RAM\u00cdREZ","twitter_card":"summary_large_image","twitter_creator":"@femivoz","twitter_site":"@femivoz","twitter_misc":{"\u00c9crit par":"MARIELA ASTUDILLO RAM\u00cdREZ","Dur\u00e9e de lecture estim\u00e9e":"6 minutes"},"schema":{"@context":"https:\/\/schema.org","@graph":[{"@type":"Article","@id":"https:\/\/femivoz.es\/fr\/syndrome-de-la-voix-impostrice\/#article","isPartOf":{"@id":"https:\/\/femivoz.es\/fr\/syndrome-de-la-voix-impostrice\/"},"author":{"name":"MARIELA ASTUDILLO RAM\u00cdREZ","@id":"https:\/\/femivoz.es\/fr\/#\/schema\/person\/b3c51235c8abe8a338ef08d1a5f4f177"},"headline":"Syndrome de la voix impostrice et processus d\u2019assimilation de la nouvelle voix","datePublished":"2021-11-04T09:22:25+00:00","dateModified":"2022-06-08T13:40:57+00:00","mainEntityOfPage":{"@id":"https:\/\/femivoz.es\/fr\/syndrome-de-la-voix-impostrice\/"},"wordCount":1409,"publisher":{"@id":"https:\/\/femivoz.es\/fr\/#organization"},"image":{"@id":"https:\/\/femivoz.es\/fr\/syndrome-de-la-voix-impostrice\/#primaryimage"},"thumbnailUrl":"https:\/\/femivoz.es\/wp-content\/uploads\/Design-sans-titre-2.png","keywords":["#AUTOMATISATION","#AUTOMATISATION","#F\u00c9MINISATIONDELAVOIX","#VOIXIMPOSTRICE"],"articleSection":["F\u00c9MINISATION DE LA VOIX","LOGOP\u00c9DIE","M\u00c9THODE ASTUDILLO","VOIX"],"inLanguage":"fr-FR"},{"@type":"WebPage","@id":"https:\/\/femivoz.es\/fr\/syndrome-de-la-voix-impostrice\/","url":"https:\/\/femivoz.es\/fr\/syndrome-de-la-voix-impostrice\/","name":"Syndrome de la voix impostrice et assimilation de la nouvelle voix | Femivoz","isPartOf":{"@id":"https:\/\/femivoz.es\/fr\/#website"},"primaryImageOfPage":{"@id":"https:\/\/femivoz.es\/fr\/syndrome-de-la-voix-impostrice\/#primaryimage"},"image":{"@id":"https:\/\/femivoz.es\/fr\/syndrome-de-la-voix-impostrice\/#primaryimage"},"thumbnailUrl":"https:\/\/femivoz.es\/wp-content\/uploads\/Design-sans-titre-2.png","datePublished":"2021-11-04T09:22:25+00:00","dateModified":"2022-06-08T13:40:57+00:00","description":"Syndrome de la voix impostrice: Le processus d\u2019assimilation de la nouvelle voix et le syndrome de la voix impostrice.","breadcrumb":{"@id":"https:\/\/femivoz.es\/fr\/syndrome-de-la-voix-impostrice\/#breadcrumb"},"inLanguage":"fr-FR","potentialAction":[{"@type":"ReadAction","target":["https:\/\/femivoz.es\/fr\/syndrome-de-la-voix-impostrice\/"]}]},{"@type":"ImageObject","inLanguage":"fr-FR","@id":"https:\/\/femivoz.es\/fr\/syndrome-de-la-voix-impostrice\/#primaryimage","url":"https:\/\/femivoz.es\/wp-content\/uploads\/Design-sans-titre-2.png","contentUrl":"https:\/\/femivoz.es\/wp-content\/uploads\/Design-sans-titre-2.png","width":1280,"height":720},{"@type":"BreadcrumbList","@id":"https:\/\/femivoz.es\/fr\/syndrome-de-la-voix-impostrice\/#breadcrumb","itemListElement":[{"@type":"ListItem","position":1,"name":"Portada","item":"https:\/\/femivoz.es\/"},{"@type":"ListItem","position":2,"name":"Syndrome de la voix impostrice et processus d\u2019assimilation de la nouvelle voix"}]},{"@type":"WebSite","@id":"https:\/\/femivoz.es\/fr\/#website","url":"https:\/\/femivoz.es\/fr\/","name":"Femivoz","description":"F\u00e9minisation de la voix en ligne avec la logop\u00e8de Mariela Astudillo. S\u00e9ances en ligne. 1\u00ba RDV Gratuit.","publisher":{"@id":"https:\/\/femivoz.es\/fr\/#organization"},"potentialAction":[{"@type":"SearchAction","target":{"@type":"EntryPoint","urlTemplate":"https:\/\/femivoz.es\/fr\/?s={search_term_string}"},"query-input":{"@type":"PropertyValueSpecification","valueRequired":true,"valueName":"search_term_string"}}],"inLanguage":"fr-FR"},{"@type":"Organization","@id":"https:\/\/femivoz.es\/fr\/#organization","name":"FEMIVOZ","url":"https:\/\/femivoz.es\/fr\/","logo":{"@type":"ImageObject","inLanguage":"fr-FR","@id":"https:\/\/femivoz.es\/fr\/#\/schema\/logo\/image\/","url":"https:\/\/femivoz.es\/wp-content\/uploads\/2018\/05\/Logo-femivoz-2018-HD-B.png","contentUrl":"https:\/\/femivoz.es\/wp-content\/uploads\/2018\/05\/Logo-femivoz-2018-HD-B.png","width":2210,"height":658,"caption":"FEMIVOZ"},"image":{"@id":"https:\/\/femivoz.es\/fr\/#\/schema\/logo\/image\/"},"sameAs":["https:\/\/www.facebook.com\/femivoz","https:\/\/x.com\/femivoz","https:\/\/www.instagram.com\/femivoz\/","https:\/\/www.linkedin.com\/in\/femivoz-mariela-astudillo-1401ab21a\/","https:\/\/www.youtube.com\/channel\/UC33Zf-WKvD_Gd_tosA47SFw"]},{"@type":"Person","@id":"https:\/\/femivoz.es\/fr\/#\/schema\/person\/b3c51235c8abe8a338ef08d1a5f4f177","name":"MARIELA ASTUDILLO RAM\u00cdREZ","image":{"@type":"ImageObject","inLanguage":"fr-FR","@id":"https:\/\/femivoz.es\/fr\/#\/schema\/person\/image\/","url":"https:\/\/secure.gravatar.com\/avatar\/928f9828915696e14c2a38413871ed84aee84ab3d58353f47c32d0ca8c11a9d6?s=96&d=mm&r=g","contentUrl":"https:\/\/secure.gravatar.com\/avatar\/928f9828915696e14c2a38413871ed84aee84ab3d58353f47c32d0ca8c11a9d6?s=96&d=mm&r=g","caption":"MARIELA ASTUDILLO RAM\u00cdREZ"},"sameAs":["http:\/\/www.femivoz.es"],"url":"https:\/\/femivoz.es\/fr\/author\/astudillomariela\/"}]}},"_links":{"self":[{"href":"https:\/\/femivoz.es\/fr\/wp-json\/wp\/v2\/posts\/29603","targetHints":{"allow":["GET"]}}],"collection":[{"href":"https:\/\/femivoz.es\/fr\/wp-json\/wp\/v2\/posts"}],"about":[{"href":"https:\/\/femivoz.es\/fr\/wp-json\/wp\/v2\/types\/post"}],"author":[{"embeddable":true,"href":"https:\/\/femivoz.es\/fr\/wp-json\/wp\/v2\/users\/3"}],"replies":[{"embeddable":true,"href":"https:\/\/femivoz.es\/fr\/wp-json\/wp\/v2\/comments?post=29603"}],"version-history":[{"count":0,"href":"https:\/\/femivoz.es\/fr\/wp-json\/wp\/v2\/posts\/29603\/revisions"}],"wp:featuredmedia":[{"embeddable":true,"href":"https:\/\/femivoz.es\/fr\/wp-json\/wp\/v2\/media\/50498"}],"wp:attachment":[{"href":"https:\/\/femivoz.es\/fr\/wp-json\/wp\/v2\/media?parent=29603"}],"wp:term":[{"taxonomy":"category","embeddable":true,"href":"https:\/\/femivoz.es\/fr\/wp-json\/wp\/v2\/categories?post=29603"},{"taxonomy":"post_tag","embeddable":true,"href":"https:\/\/femivoz.es\/fr\/wp-json\/wp\/v2\/tags?post=29603"}],"curies":[{"name":"wp","href":"https:\/\/api.w.org\/{rel}","templated":true}]}}