{"id":36799,"date":"2022-02-25T08:23:06","date_gmt":"2022-02-25T08:23:06","guid":{"rendered":"https:\/\/femivoz.es\/dysphonie-fonctionnelle-de-la-voix-transgenre\/"},"modified":"2024-06-27T17:44:22","modified_gmt":"2024-06-27T17:44:22","slug":"dysphonie-fonctionnelle-dans-la-voix-transgenre","status":"publish","type":"post","link":"https:\/\/femivoz.es\/fr\/dysphonie-fonctionnelle-dans-la-voix-transgenre\/","title":{"rendered":"Dysphonie fonctionnelle dans la voix transgenre"},"content":{"rendered":"\n<div class=\"wp-block-cover\" style=\"min-height:154px;aspect-ratio:unset;\"><span aria-hidden=\"true\" class=\"wp-block-cover__background has-background-dim-100 has-background-dim\" style=\"background-color:#6e7171\"><\/span><div class=\"wp-block-cover__inner-container is-layout-flow wp-block-cover-is-layout-flow\">\n<blockquote>\n<h2><strong style=\"color: inherit; font-size: revert; text-align: left;\"><em>\u00ab\u00a0L&rsquo;abus vocal se concentre sur la m\u00e9connaissance des directives relatives aux soins et \u00e0 l&rsquo;hygi\u00e8ne de la voix&#8230;\u00a0\u00bb<\/em><\/strong><\/h2>\n<\/blockquote>\n<\/div><\/div>\n\n\n\n<div style=\"height:18px\" aria-hidden=\"true\" class=\"wp-block-spacer\"><\/div>\n\n\n<p style=\"text-align: justify;\"><span style=\"font-weight: 400;\">Lorsque nous sommes confront\u00e9s \u00e0 des probl\u00e8mes ou \u00e0 des difficult\u00e9s li\u00e9s \u00e0 une mauvaise utilisation ou \u00e0 un abus vocal, et plus particuli\u00e8rement \u00e0 une<\/span><a href=\"https:\/\/www.hug.ch\/orl-chirurgie-cervico-faciale\/dysphonies-fonctionnelles\"> <b>dysphonie fonctionnelle de la voix transgenre<\/b><\/a><span style=\"font-weight: 400;\">, nous devons non seulement trouver une solution au probl\u00e8me vocal lui-m\u00eame, mais aussi \u00e0 ce qui l&rsquo;a caus\u00e9 ou \u00e0 ce qui l&rsquo;a provoqu\u00e9, car c&rsquo;est la seule fa\u00e7on de r\u00e9duire sa r\u00e9currence, c&rsquo;est-\u00e0-dire d&#8217;emp\u00eacher qu&rsquo;il ne se reproduise.<\/span><\/p>\n<p style=\"text-align: justify;\"><span style=\"font-weight: 400;\">\u00a0<\/span><\/p>\n<h3 style=\"text-align: justify;\"><b><i>Les probl\u00e8mes de voix surviennent pour diff\u00e9rentes raisons, toutes li\u00e9es \u00e0 sa mauvaise utilisation, \u00e0 l&rsquo;abus vocal, au manque de soins pour la maintenir saine et \u00e9nergique ou \u00e0 un \u00e9v\u00e9nement traumatique, viral, hormonal ou stressant, parmi une multitude d&rsquo;autres variables.<\/i><\/b><\/h3>\n<p style=\"text-align: justify;\"><span style=\"font-weight: 400;\">\u00a0<\/span><\/p>\n<p style=\"text-align: justify;\"><span style=\"font-weight: 400;\">Cependant, les causes les plus courantes de \u00ab\u00a0l&rsquo;enrouement persistant\u00a0\u00bb ou de la dysphonie fonctionnelle de la voix transgenre sont centr\u00e9es sur la mauvaise utilisation de notre voix et son utilisation prolong\u00e9e sans soins avant, pendant ou apr\u00e8s l&rsquo;exposition, ainsi que sur la tentative d&rsquo;entra\u00eener ou de modifier la voix transgenre sans conseils sp\u00e9cialis\u00e9s.<\/span><\/p>\n<h2 style=\"text-align: justify;\"><strong><span style=\"color: #ff0064;\"><b>Qu\u2019est-ce que le malmenage de la voix ?<\/b><\/span><\/strong><\/h2>\n<p style=\"text-align: justify;\">Pour comprendre ces aspects du malmenage et de l&rsquo;abus de la voix, nous devons diviser la voix en plusieurs de ses qualit\u00e9s : le ton, l&rsquo;intensit\u00e9 ou le<a href=\"https:\/\/femivoz.es\/fr\/volume-feminisation-de-la-voix\/\"> volume de la voix<\/a>, et le rythme ou la vitesse avec laquelle nous l&rsquo;utilisons.<\/p>\n<h3 style=\"text-align: justify;\"><strong><i>En g\u00e9n\u00e9ral, dans la voix transgenre et dans la voix en g\u00e9n\u00e9ral, les personnes souffrant de probl\u00e8mes ont souvent peu de contr\u00f4le sur ces caract\u00e9ristiques vocales.<\/i><\/strong><\/h3>\n<ol style=\"text-align: justify;\">\n<li>L&rsquo;utilisation prolong\u00e9e ou habituelle d&rsquo;un ton de voix non optimal sans entra\u00eenement vocal, qu&rsquo;il soit plus aigu ou plus grave, qu&rsquo;il s&rsquo;agisse d&rsquo;exercice, de f\u00e9minisation ou de masculinisation, entra\u00eene souvent un d\u00e9s\u00e9quilibre notable de la voix transgenre. Cela se produit lorsque nous parlons sur un ton inappropri\u00e9 ou feint. Tout le monde a un ton moyen, habituel et confortable qui permet de produire notre voix sans effort ni co\u00fbt pour notre musculature laryng\u00e9e. Ceci est commun aux personnes cisgenres et transgenres, ainsi qu&rsquo;\u00e0 tout profil ou demande vocale.<\/li>\n<li>L&rsquo;intensit\u00e9 de la voix est commun\u00e9ment appel\u00e9e le volume de la voix et son utilisation abusive est li\u00e9e \u00e0 l&rsquo;augmentation du volume de la voix pendant que l&rsquo;on parle. Les personnes qui parlent \u00a0\u00bb en criant \u00a0\u00bb ou \u00e0 voix haute, qui crient fr\u00e9quemment et sans technique, qui ont une perte d&rsquo;audition sont candidates aux probl\u00e8mes de voix.<\/li>\n<li>Le rythme vocal est souvent li\u00e9 \u00e0 la vitesse \u00e0 laquelle nous produisons la voix et la parole. Parler vite cr\u00e9e une mauvaise articulation, une tension musculaire et affecte l&rsquo;intelligibilit\u00e9 du message et la qualit\u00e9 de la voix.<\/li>\n<\/ol>\n<h2 style=\"text-align: justify;\">\u00a0<\/h2>\n<h2 style=\"text-align: justify;\"><span style=\"color: #ff0064;\"><strong><b>Quel est le profil vocal le plus courant ?<\/b><\/strong><\/span><\/h2>\n<p style=\"text-align: justify;\">Une voix \u00e0 la tonalit\u00e9 inappropri\u00e9e, utilis\u00e9e \u00e0 un volume \u00e9lev\u00e9 et \u00e0 une vitesse d&rsquo;\u00e9locution \u00e9lev\u00e9e est une combinaison malheureuse tr\u00e8s souvent r\u00e9p\u00e9t\u00e9e chez les personnes qui conduit \u00e0 des probl\u00e8mes vocaux qui, s&rsquo;ils ne sont pas corrig\u00e9s \u00e0 temps, conduiront \u00e0 une pathologie vocale de plus ou moins grande gravit\u00e9 selon le temps d&rsquo;exposition, dans ce cas li\u00e9e \u00e0 un malmenage et \u00e0 un abus vocal dans la <strong><a href=\"https:\/\/www.rtbf.be\/article\/pour-chaque-femme-transgenre-trouver-sa-voix-10905443\">voix transgenre<\/a><\/strong>. Il s&rsquo;agit d&rsquo;un \u00ab\u00a0cercle vicieux de la voix\u00a0\u00bb courant et d&rsquo;un manque de technique vocale : parler en criant ou \u00e0 un volume \u00e9lev\u00e9 nous am\u00e8nera \u00e0 utiliser un ton de voix \u00e9lev\u00e9 qui a g\u00e9n\u00e9ralement un rythme \u00e9lev\u00e9 ou stressant.<\/p>\n<h2 style=\"text-align: justify;\"><span style=\"color: #ff0064;\"><strong><b>Qu&rsquo;est-ce que l&rsquo;abus de voix ?<\/b><\/strong><\/span><\/h2>\n<p style=\"text-align: justify;\">L&rsquo;abus vocal se concentre sur la m\u00e9connaissance des directives relatives aux soins et \u00e0 l&rsquo;hygi\u00e8ne de la voix, en l&rsquo;occurrence de la voix transgenre. Nous ne parlons pas ici de dysfonctionnements des \u00e9l\u00e9ments qui composent la voix, mais de la dur\u00e9e pendant laquelle nous l&rsquo;utilisons, de la mani\u00e8re dont nous en prenons soin et des contextes dans lesquels nous l&rsquo;utilisons correctement. Parler pendant de longues p\u00e9riodes de temps sans pause, dans des contextes bruyants ou toxiques, avec une attaque vocale ou une mani\u00e8re abrupte de parler, une mauvaise hydratation du larynx ou forcer une voix que l&rsquo;on remarque fatigu\u00e9e et \u00e9puis\u00e9e, sont des exemples courants.<\/p>\n<h3 style=\"text-align: justify;\"><em><strong>En bref, les personnes qui abusent et maltraitent leur voix de mani\u00e8re r\u00e9p\u00e9t\u00e9e, qui manquent de technique vocale et d&rsquo;hygi\u00e8ne vocale finiront t\u00f4t ou tard par conna\u00eetre un probl\u00e8me vocal, ce qui est plus fr\u00e9quent dans la population que vous ne le pensez. De plus, la voix et l&rsquo;\u00e9motion coexistent dans une union indispensable, de sorte que l&rsquo;affectation de l&rsquo;un de ces domaines compromettra l&rsquo;autre et vice versa, comme le montrent les personnes \u00e0 la personnalit\u00e9 anxieuse.<\/strong><\/em><\/h3>\n<p style=\"text-align: justify;\">Les voix pr\u00e9sentant ce profil et une dysphonie ou un \u00ab\u00a0enrouement\u00a0\u00bb qui n&rsquo;a pas disparu dans les 15 \u00e0 21 jours doivent consulter un m\u00e9decin ORL et suivre ensuite des s\u00e9ances d&rsquo;orthophonie avec un orthophoniste sp\u00e9cialis\u00e9 pour une \u00e9valuation, un ajustement et un apprentissage des soins et de la technique vocale appropri\u00e9s afin d&rsquo;\u00e9viter les probl\u00e8mes ou les difficult\u00e9s li\u00e9s \u00e0 un malmenage et \u00e0 un abus vocal lors de s\u00e9ances d&rsquo;entra\u00eenement sp\u00e9cifiques.<\/p>\n<h2 style=\"text-align: justify;\">\u00a0<\/h2>\n<h2 style=\"text-align: justify;\"><span style=\"color: #ff0064;\"><b>Qu&rsquo;est-ce qu&rsquo;une dysphonie musculo-tensionnelle primaire ou une dysphonie fonctionnelle dans la voix des personnes transgenres et cisgenres ?<\/b><\/span><\/h2>\n<p style=\"text-align: justify;\">L&rsquo;apparition de ces difficult\u00e9s avant une pathologie vocale visible au niveau des cordes vocales a une base fonctionnelle, c&rsquo;est-\u00e0-dire qu&rsquo;aucune l\u00e9sion laryng\u00e9e n&rsquo;est observ\u00e9e mais la qualit\u00e9 vocale est compromise ou d\u00e9form\u00e9e et ne revient pas \u00e0 la normale. On parle alors de dysphonie fonctionnelle ou de dysphonie primaire par tension musculaire (TMD primaire).<\/p>\n<p style=\"text-align: justify;\">Ces premiers probl\u00e8mes vocaux \u00e0 base fonctionnelle sont appel\u00e9s, comme mentionn\u00e9 ci-dessus, dysphonie musculaire-tensionnelle primaire, car il n&rsquo;y a pas d&rsquo;implication ou de l\u00e9sion dans la structure des cordes vocales et elle n&rsquo;est pas due \u00e0 des causes neurologiques.<\/p>\n<h2 style=\"text-align: left;\"><span style=\"color: #ff0064;\"><strong><b>Quels sympt\u00f4mes doivent servir d&rsquo;avertissement ?<\/b><\/strong><\/span><\/h2>\n<ul style=\"text-align: justify;\">\n<li aria-level=\"1\">\u00a0Vous \u00eates incapable de parler avec une voix aigu\u00eb, vous ne pouvez pas \u00e9mettre les notes \u00e9lev\u00e9es que vous pouviez \u00e9mettre il y a relativement peu de temps, ou vous devez faire un grand effort pour les maintenir.\u00a0<\/li>\n<\/ul>\n<ul style=\"text-align: justify;\">\n<li aria-level=\"1\">\u00a0Vous devez parler \u00e0 un volume \u00e9lev\u00e9 pour que votre voix sorte.<\/li>\n<\/ul>\n<ul style=\"text-align: justify;\">\n<li aria-level=\"1\">\u00a0Votre voix se fatigue vite.<\/li>\n<\/ul>\n<ul style=\"text-align: justify;\">\n<li aria-level=\"1\">\u00a0Vous vous crispez lorsque vous parlez ou faites un grand effort musculaire pour parler.\u00a0<\/li>\n<\/ul>\n<ul style=\"text-align: justify;\">\n<li aria-level=\"1\">\u00a0Votre voix est faible et fatigu\u00e9e.<\/li>\n<\/ul>\n<ul style=\"text-align: justify;\">\n<li aria-level=\"1\">\u00a0Vous ne pouvez pas \u00e9lever la voix ou parler \u00e0 un volume audible.<\/li>\n<\/ul>\n<ul style=\"text-align: justify;\">\n<li aria-level=\"1\">\u00a0Votre voix a perdu de sa souplesse et de sa force.\u00a0<\/li>\n<\/ul>\n<ul style=\"text-align: justify;\">\n<li aria-level=\"1\">\u00a0Vous ressentez une douleur ou une g\u00eane lorsque vous utilisez votre voix.<\/li>\n<\/ul>\n<ul style=\"text-align: justify;\">\n<li aria-level=\"1\">\u00a0Vous avez une sensation de s\u00e9cheresse vocale.\u00a0<\/li>\n<\/ul>\n<ul style=\"text-align: justify;\">\n<li aria-level=\"1\">\u00a0Vous savez que lorsque vous parlez pendant longtemps, vous perdez votre voix.<\/li>\n<\/ul>\n<ul style=\"text-align: justify;\">\n<li aria-level=\"1\">\u00a0Votre voix a perdu sa qualit\u00e9 et ne revient pas \u00e0 la normale.\u00a0<\/li>\n<\/ul>\n<ul style=\"text-align: justify;\">\n<li aria-level=\"1\">\u00a0Vous avez la voix \u00ab\u00a0enrou\u00e9e\u00a0\u00bb depuis un certain temps ou cela se produit fr\u00e9quemment.<\/li>\n<\/ul>\n<ul style=\"text-align: justify;\">\n<li aria-level=\"1\">\u00a0Vous souffrez r\u00e9guli\u00e8rement de pharyngite ou de laryngite.\u00a0<\/li>\n<\/ul>\n<ul style=\"text-align: justify;\">\n<li aria-level=\"1\">\u00a0Vous toussez et vous vous raclez la gorge souvent.\u00a0<\/li>\n<\/ul>\n<ul style=\"text-align: justify;\">\n<li aria-level=\"1\">\u00a0Vous pensez que certains contextes ou activit\u00e9s de votre vie quotidienne sont pr\u00e9judiciables \u00e0 votre voix.<\/li>\n<\/ul>\n<h2 style=\"text-align: left;\"><span style=\"color: #ff0064;\"><strong>Quelles sont les \u00e9tapes appropri\u00e9es \u00e0 suivre d\u00e8s l&rsquo;apparition ou le diagnostic de la dysphonie ?<\/strong><\/span><\/h2>\n<ul style=\"text-align: justify;\">\n<li aria-level=\"1\"><i>Conscience des sympt\u00f4mes et de leur persistance pendant plus de 15 jours sans retour \u00e0 la normale de la voix.\u00a0<\/i><\/li>\n<\/ul>\n<ul style=\"text-align: justify;\">\n<li aria-level=\"1\"><i>Visite chez un m\u00e9decin ORL pour un examen du larynx et un diagnostic correct.\u00a0<\/i><\/li>\n<\/ul>\n<ul style=\"text-align: justify;\">\n<li aria-level=\"1\"><i>Conseils sp\u00e9cialis\u00e9s en orthophonie, \u00e9valuation et entra\u00eenement vocal.<\/i><\/li>\n<\/ul>\n<ul style=\"text-align: justify;\">\n<li aria-level=\"1\"><i>Examen oto-rhino-laryngologique et sortie.<\/i><\/li>\n<\/ul>\n<h3 style=\"text-align: justify;\"><strong><i>\u00ab\u00a0Un probl\u00e8me vocal commun, facilement r\u00e9solu sous bonne supervision, qui, une fois d\u00e9tect\u00e9 par votre orthophoniste, devrait \u00eatre r\u00e9solu avant d&rsquo;aborder tout type d&rsquo;entra\u00eenement vocal et, dans ce cas, avant l&rsquo;entra\u00eenement sp\u00e9cifique de f\u00e9minisation ou de masculinisation de la voix et du discours dans la voix transgenre. L&rsquo;objectif doit toujours \u00eatre de maintenir la sant\u00e9 et la vitalit\u00e9 vocale dans le but de pr\u00e9venir les probl\u00e8mes ou difficult\u00e9s li\u00e9s \u00e0 la voix transgenre\u00a0\u00bb.<\/i><\/strong><\/h3>\n<p style=\"text-align: justify;\">Si vous \u00eates un professionnel de la voix, que votre voix est votre outil de travail ou que vous souhaitez commencer un entra\u00eenement vocal sp\u00e9cifique (am\u00e9lioration ou optimisation de la voix chant\u00e9e, parl\u00e9e ou interpr\u00e9t\u00e9e, f\u00e9minisation ou masculinisation de la voix et de la parole pour les personnes ou les voix transgenres ou cisgenres, harmonisation de la voix, modification de la hauteur fondamentale ou de la fr\u00e9quence de la voix en une voix professionnelle) et que vous percevez certaines des caract\u00e9ristiques ci-dessus, n&rsquo;h\u00e9sitez pas \u00e0 contacter notre \u00e9quipe Femivoz\u00ae pour une premi\u00e8re s\u00e9ance gratuite d&rsquo;\u00e9valuation, d&rsquo;information et de conseil vocal.<\/p>\n<p style=\"text-align: justify;\">\u00a0<\/p>\n\n\t\t<div data-elementor-type=\"section\" data-elementor-id=\"54041\" class=\"elementor elementor-54041 elementor-50772\" data-elementor-settings=\"{&quot;ha_cmc_init_switcher&quot;:&quot;no&quot;}\" data-elementor-post-type=\"elementor_library\">\n\t\t\t\t\t<section class=\"elementor-section elementor-top-section elementor-element elementor-element-542beec5 elementor-section-boxed elementor-section-height-default elementor-section-height-default\" data-id=\"542beec5\" data-element_type=\"section\" data-settings=\"{&quot;jet_parallax_layout_list&quot;:[{&quot;jet_parallax_layout_image&quot;:{&quot;url&quot;:&quot;&quot;,&quot;id&quot;:&quot;&quot;,&quot;size&quot;:&quot;&quot;},&quot;_id&quot;:&quot;5ea9a02&quot;,&quot;jet_parallax_layout_image_tablet&quot;:{&quot;url&quot;:&quot;&quot;,&quot;id&quot;:&quot;&quot;,&quot;size&quot;:&quot;&quot;},&quot;jet_parallax_layout_image_mobile&quot;:{&quot;url&quot;:&quot;&quot;,&quot;id&quot;:&quot;&quot;,&quot;size&quot;:&quot;&quot;},&quot;jet_parallax_layout_speed&quot;:{&quot;unit&quot;:&quot;%&quot;,&quot;size&quot;:50,&quot;sizes&quot;:[]},&quot;jet_parallax_layout_type&quot;:&quot;scroll&quot;,&quot;jet_parallax_layout_direction&quot;:&quot;1&quot;,&quot;jet_parallax_layout_fx_direction&quot;:null,&quot;jet_parallax_layout_z_index&quot;:&quot;&quot;,&quot;jet_parallax_layout_bg_x&quot;:50,&quot;jet_parallax_layout_bg_x_tablet&quot;:&quot;&quot;,&quot;jet_parallax_layout_bg_x_mobile&quot;:&quot;&quot;,&quot;jet_parallax_layout_bg_y&quot;:50,&quot;jet_parallax_layout_bg_y_tablet&quot;:&quot;&quot;,&quot;jet_parallax_layout_bg_y_mobile&quot;:&quot;&quot;,&quot;jet_parallax_layout_bg_size&quot;:&quot;auto&quot;,&quot;jet_parallax_layout_bg_size_tablet&quot;:&quot;&quot;,&quot;jet_parallax_layout_bg_size_mobile&quot;:&quot;&quot;,&quot;jet_parallax_layout_animation_prop&quot;:&quot;transform&quot;,&quot;jet_parallax_layout_on&quot;:[&quot;desktop&quot;,&quot;tablet&quot;]}],&quot;_ha_eqh_enable&quot;:false}\">\n\t\t\t\t\t\t<div class=\"elementor-container elementor-column-gap-default\">\n\t\t\t\t\t<div class=\"elementor-column elementor-col-50 elementor-top-column elementor-element elementor-element-64e71277\" data-id=\"64e71277\" data-element_type=\"column\">\n\t\t\t<div class=\"elementor-widget-wrap elementor-element-populated\">\n\t\t\t\t\t\t<div class=\"elementor-element elementor-element-7022d361 elementor-widget elementor-widget-image\" data-id=\"7022d361\" data-element_type=\"widget\" data-widget_type=\"image.default\">\n\t\t\t\t\t\t\t\t\t\t\t\t\t\t\t<img fetchpriority=\"high\" decoding=\"async\" width=\"586\" height=\"928\" src=\"https:\/\/femivoz.es\/wp-content\/uploads\/Capture-decran-2023-12-06-a-16.09.32.png\" class=\"attachment-full size-full wp-image-50774\" alt=\"Dami\u00e1n logopeda voz\" srcset=\"https:\/\/femivoz.es\/wp-content\/uploads\/Capture-decran-2023-12-06-a-16.09.32.png 586w, https:\/\/femivoz.es\/wp-content\/uploads\/Capture-decran-2023-12-06-a-16.09.32-189x300.png 189w, https:\/\/femivoz.es\/wp-content\/uploads\/Capture-decran-2023-12-06-a-16.09.32-95x150.png 95w, https:\/\/femivoz.es\/wp-content\/uploads\/Capture-decran-2023-12-06-a-16.09.32-510x808.png 510w\" sizes=\"(max-width: 586px) 100vw, 586px\" \/>\t\t\t\t\t\t\t\t\t\t\t\t\t\t\t<\/div>\n\t\t\t\t\t<\/div>\n\t\t<\/div>\n\t\t\t\t<div class=\"elementor-column elementor-col-50 elementor-top-column elementor-element elementor-element-5aa3ddd6\" data-id=\"5aa3ddd6\" data-element_type=\"column\">\n\t\t\t<div class=\"elementor-widget-wrap elementor-element-populated\">\n\t\t\t\t\t\t<div class=\"elementor-element elementor-element-5b974e60 elementor-widget elementor-widget-text-editor\" data-id=\"5b974e60\" data-element_type=\"widget\" data-widget_type=\"text-editor.default\">\n\t\t\t\t\t\t\t\t\t<h3 style=\"text-align: left;\"><span style=\"color: #808080;\">ARTICLE \u00c9CRIT PAR<\/span><\/h3>\n\t\t\t\t\t\t\t\t<\/div>\n\t\t\t\t<div class=\"elementor-element elementor-element-8906216 elementor-widget elementor-widget-text-editor\" data-id=\"8906216\" data-element_type=\"widget\" data-widget_type=\"text-editor.default\">\n\t\t\t\t\t\t\t\t\t<p style=\"text-align: left;\"><span style=\"color: #000000;\"><strong>DAMI\u00c1N OSORIO<\/strong><\/span><\/p>\n\t\t\t\t\t\t\t\t<\/div>\n\t\t\t\t<div class=\"elementor-element elementor-element-7c1cfe65 elementor-widget elementor-widget-text-editor\" data-id=\"7c1cfe65\" data-element_type=\"widget\" data-widget_type=\"text-editor.default\">\n\t\t\t\t\t\t\t\t\t<p style=\"text-align: left;\"><em style=\"color: var( --e-global-color-text );\">Logop\u00e8de sp\u00e9cialis\u00e9 en <a href=\"https:\/\/femivoz.es\/fr\/reeducation-de-la-voix\/\"><strong>r\u00e9\u00e9ducation de la voix<\/strong><\/a> y <a href=\"https:\/\/femivoz.es\/fr\/masculinisation-de-la-voix\/\"><strong>masculinisation de la voix<\/strong><\/a><\/em><\/p>\n<p style=\"text-align: left;\"><em><strong>1<sup>er<\/sup> Mod\u00e8le d&rsquo;Utilit\u00e9 du Tube de R\u00e9sonance Vocal par la OEPM (Organizaci\u00f3n Espa\u00f1ola de Patentes y Marcas)<\/strong><\/em><\/p>\n\t\t\t\t\t\t\t\t<\/div>\n\t\t\t\t<div class=\"elementor-element elementor-element-203dba3c elementor-align-left elementor-widget elementor-widget-button\" data-id=\"203dba3c\" data-element_type=\"widget\" data-widget_type=\"button.default\">\n\t\t\t\t\t\t\t\t\t\t<a class=\"elementor-button elementor-button-link elementor-size-sm\" href=\"https:\/\/app.squarespacescheduling.com\/schedule.php?owner=23221505\">\n\t\t\t\t\t\t<span class=\"elementor-button-content-wrapper\">\n\t\t\t\t\t\t<span class=\"elementor-button-icon\">\n\t\t\t\t<svg aria-hidden=\"true\" class=\"e-font-icon-svg e-fas-book-reader\" viewBox=\"0 0 512 512\" xmlns=\"http:\/\/www.w3.org\/2000\/svg\"><path d=\"M352 96c0-53.02-42.98-96-96-96s-96 42.98-96 96 42.98 96 96 96 96-42.98 96-96zM233.59 241.1c-59.33-36.32-155.43-46.3-203.79-49.05C13.55 191.13 0 203.51 0 219.14v222.8c0 14.33 11.59 26.28 26.49 27.05 43.66 2.29 131.99 10.68 193.04 41.43 9.37 4.72 20.48-1.71 20.48-11.87V252.56c-.01-4.67-2.32-8.95-6.42-11.46zm248.61-49.05c-48.35 2.74-144.46 12.73-203.78 49.05-4.1 2.51-6.41 6.96-6.41 11.63v245.79c0 10.19 11.14 16.63 20.54 11.9 61.04-30.72 149.32-39.11 192.97-41.4 14.9-.78 26.49-12.73 26.49-27.06V219.14c-.01-15.63-13.56-28.01-29.81-27.09z\"><\/path><\/svg>\t\t\t<\/span>\n\t\t\t\t\t\t\t\t\t<span class=\"elementor-button-text\">DEMANDEZ VOTRE 1\u00ba RDV GRATUIT<\/span>\n\t\t\t\t\t<\/span>\n\t\t\t\t\t<\/a>\n\t\t\t\t\t\t\t\t<\/div>\n\t\t\t\t\t<\/div>\n\t\t<\/div>\n\t\t\t\t\t<\/div>\n\t\t<\/section>\n\t\t\t\t<\/div>\n\t\t\n","protected":false},"excerpt":{"rendered":"<p>Lorsque nous sommes confront\u00e9s \u00e0 des probl\u00e8mes ou \u00e0 des difficult\u00e9s li\u00e9s \u00e0 une mauvaise utilisation ou \u00e0 un abus vocal, et plus particuli\u00e8rement \u00e0 une dysphonie fonctionnelle de la voix transgenre, nous devons non seulement trouver une solution au probl\u00e8me vocal lui-m\u00eame, mais aussi \u00e0 ce qui l&rsquo;a caus\u00e9 ou \u00e0 ce qui l&rsquo;a [&hellip;]<\/p>\n","protected":false},"author":367,"featured_media":53654,"comment_status":"closed","ping_status":"open","sticky":false,"template":"","format":"standard","meta":{"_acf_changed":false,"footnotes":""},"categories":[58,466,318],"tags":[401,421,456],"class_list":["post-36799","post","type-post","status-publish","format-standard","has-post-thumbnail","hentry","category-logopedie","category-pathologie-vocale","category-sante-vocale","tag-dysphonie","tag-pathologie-vocale","tag-voix-transgenre"],"acf":[],"yoast_head":"<!-- This site is optimized with the Yoast SEO Premium plugin v19.6 (Yoast SEO v26.7) - https:\/\/yoast.com\/wordpress\/plugins\/seo\/ -->\n<title>Dysphonie fonctionnelle voix transgenre | Revue Digitale \u00c9motus | Femivoz<\/title>\n<meta name=\"description\" content=\"Dysphonie fonctionnelle dans la voix transgenre. Malmenage et abus vocal : cas de dysphonie musculo-tensionnelle primaire voix transgenre.\" \/>\n<meta name=\"robots\" content=\"index, follow, max-snippet:-1, max-image-preview:large, max-video-preview:-1\" \/>\n<link rel=\"canonical\" href=\"https:\/\/femivoz.es\/fr\/dysphonie-fonctionnelle-dans-la-voix-transgenre\/\" \/>\n<meta property=\"og:locale\" content=\"fr_FR\" \/>\n<meta property=\"og:type\" content=\"article\" \/>\n<meta property=\"og:title\" content=\"Dysphonie fonctionnelle dans la voix transgenre\" \/>\n<meta property=\"og:description\" content=\"Dysphonie fonctionnelle dans la voix transgenre. Malmenage et abus vocal : cas de dysphonie musculo-tensionnelle primaire voix transgenre.\" \/>\n<meta property=\"og:url\" content=\"https:\/\/femivoz.es\/fr\/dysphonie-fonctionnelle-dans-la-voix-transgenre\/\" \/>\n<meta property=\"og:site_name\" content=\"Femivoz\" \/>\n<meta property=\"article:publisher\" content=\"https:\/\/www.facebook.com\/femivoz\" \/>\n<meta property=\"article:published_time\" content=\"2022-02-25T08:23:06+00:00\" \/>\n<meta property=\"article:modified_time\" content=\"2024-06-27T17:44:22+00:00\" \/>\n<meta property=\"og:image\" content=\"https:\/\/femivoz.es\/wp-content\/uploads\/Disfonia-funcional-en-la-voz-transgenero.png\" \/>\n\t<meta property=\"og:image:width\" content=\"820\" \/>\n\t<meta property=\"og:image:height\" content=\"315\" \/>\n\t<meta property=\"og:image:type\" content=\"image\/png\" \/>\n<meta name=\"author\" content=\"FEMIVOZ\" \/>\n<meta name=\"twitter:card\" content=\"summary_large_image\" \/>\n<meta name=\"twitter:creator\" content=\"@femivoz\" \/>\n<meta name=\"twitter:site\" content=\"@femivoz\" \/>\n<meta name=\"twitter:label1\" content=\"\u00c9crit par\" \/>\n\t<meta name=\"twitter:data1\" content=\"FEMIVOZ\" \/>\n\t<meta name=\"twitter:label2\" content=\"Dur\u00e9e de lecture estim\u00e9e\" \/>\n\t<meta name=\"twitter:data2\" content=\"7 minutes\" \/>\n<script type=\"application\/ld+json\" class=\"yoast-schema-graph\">{\"@context\":\"https:\/\/schema.org\",\"@graph\":[{\"@type\":\"Article\",\"@id\":\"https:\/\/femivoz.es\/fr\/dysphonie-fonctionnelle-dans-la-voix-transgenre\/#article\",\"isPartOf\":{\"@id\":\"https:\/\/femivoz.es\/fr\/dysphonie-fonctionnelle-dans-la-voix-transgenre\/\"},\"author\":{\"name\":\"FEMIVOZ\",\"@id\":\"https:\/\/femivoz.es\/fr\/#\/schema\/person\/bbadb0ea882eac10f0d7540a4621792c\"},\"headline\":\"Dysphonie fonctionnelle dans la voix transgenre\",\"datePublished\":\"2022-02-25T08:23:06+00:00\",\"dateModified\":\"2024-06-27T17:44:22+00:00\",\"mainEntityOfPage\":{\"@id\":\"https:\/\/femivoz.es\/fr\/dysphonie-fonctionnelle-dans-la-voix-transgenre\/\"},\"wordCount\":1532,\"publisher\":{\"@id\":\"https:\/\/femivoz.es\/fr\/#organization\"},\"image\":{\"@id\":\"https:\/\/femivoz.es\/fr\/dysphonie-fonctionnelle-dans-la-voix-transgenre\/#primaryimage\"},\"thumbnailUrl\":\"https:\/\/femivoz.es\/wp-content\/uploads\/Disfonia-funcional-en-la-voz-transgenero.png\",\"keywords\":[\"#DYSPHONIE\",\"#PATHOLOGIEVOCALE\",\"#VOIXTRANSGENRE\"],\"articleSection\":[\"LOGOP\u00c9DIE\",\"PATHOLOGIE VOCALE\",\"SANT\u00c9 VOCALE\"],\"inLanguage\":\"fr-FR\"},{\"@type\":\"WebPage\",\"@id\":\"https:\/\/femivoz.es\/fr\/dysphonie-fonctionnelle-dans-la-voix-transgenre\/\",\"url\":\"https:\/\/femivoz.es\/fr\/dysphonie-fonctionnelle-dans-la-voix-transgenre\/\",\"name\":\"Dysphonie fonctionnelle voix transgenre | Revue Digitale \u00c9motus | Femivoz\",\"isPartOf\":{\"@id\":\"https:\/\/femivoz.es\/fr\/#website\"},\"primaryImageOfPage\":{\"@id\":\"https:\/\/femivoz.es\/fr\/dysphonie-fonctionnelle-dans-la-voix-transgenre\/#primaryimage\"},\"image\":{\"@id\":\"https:\/\/femivoz.es\/fr\/dysphonie-fonctionnelle-dans-la-voix-transgenre\/#primaryimage\"},\"thumbnailUrl\":\"https:\/\/femivoz.es\/wp-content\/uploads\/Disfonia-funcional-en-la-voz-transgenero.png\",\"datePublished\":\"2022-02-25T08:23:06+00:00\",\"dateModified\":\"2024-06-27T17:44:22+00:00\",\"description\":\"Dysphonie fonctionnelle dans la voix transgenre. Malmenage et abus vocal : cas de dysphonie musculo-tensionnelle primaire voix transgenre.\",\"breadcrumb\":{\"@id\":\"https:\/\/femivoz.es\/fr\/dysphonie-fonctionnelle-dans-la-voix-transgenre\/#breadcrumb\"},\"inLanguage\":\"fr-FR\",\"potentialAction\":[{\"@type\":\"ReadAction\",\"target\":[\"https:\/\/femivoz.es\/fr\/dysphonie-fonctionnelle-dans-la-voix-transgenre\/\"]}]},{\"@type\":\"ImageObject\",\"inLanguage\":\"fr-FR\",\"@id\":\"https:\/\/femivoz.es\/fr\/dysphonie-fonctionnelle-dans-la-voix-transgenre\/#primaryimage\",\"url\":\"https:\/\/femivoz.es\/wp-content\/uploads\/Disfonia-funcional-en-la-voz-transgenero.png\",\"contentUrl\":\"https:\/\/femivoz.es\/wp-content\/uploads\/Disfonia-funcional-en-la-voz-transgenero.png\",\"width\":820,\"height\":315,\"caption\":\"Disfoni\u0301a funcional en la voz transge\u0301nero\"},{\"@type\":\"BreadcrumbList\",\"@id\":\"https:\/\/femivoz.es\/fr\/dysphonie-fonctionnelle-dans-la-voix-transgenre\/#breadcrumb\",\"itemListElement\":[{\"@type\":\"ListItem\",\"position\":1,\"name\":\"Portada\",\"item\":\"https:\/\/femivoz.es\/\"},{\"@type\":\"ListItem\",\"position\":2,\"name\":\"Dysphonie fonctionnelle dans la voix transgenre\"}]},{\"@type\":\"WebSite\",\"@id\":\"https:\/\/femivoz.es\/fr\/#website\",\"url\":\"https:\/\/femivoz.es\/fr\/\",\"name\":\"Femivoz\",\"description\":\"F\u00e9minisation de la voix en ligne avec la logop\u00e8de Mariela Astudillo. S\u00e9ances en ligne. 1\u00ba RDV Gratuit.\",\"publisher\":{\"@id\":\"https:\/\/femivoz.es\/fr\/#organization\"},\"potentialAction\":[{\"@type\":\"SearchAction\",\"target\":{\"@type\":\"EntryPoint\",\"urlTemplate\":\"https:\/\/femivoz.es\/fr\/?s={search_term_string}\"},\"query-input\":{\"@type\":\"PropertyValueSpecification\",\"valueRequired\":true,\"valueName\":\"search_term_string\"}}],\"inLanguage\":\"fr-FR\"},{\"@type\":\"Organization\",\"@id\":\"https:\/\/femivoz.es\/fr\/#organization\",\"name\":\"FEMIVOZ\",\"url\":\"https:\/\/femivoz.es\/fr\/\",\"logo\":{\"@type\":\"ImageObject\",\"inLanguage\":\"fr-FR\",\"@id\":\"https:\/\/femivoz.es\/fr\/#\/schema\/logo\/image\/\",\"url\":\"https:\/\/femivoz.es\/wp-content\/uploads\/2018\/05\/Logo-femivoz-2018-HD-B.png\",\"contentUrl\":\"https:\/\/femivoz.es\/wp-content\/uploads\/2018\/05\/Logo-femivoz-2018-HD-B.png\",\"width\":2210,\"height\":658,\"caption\":\"FEMIVOZ\"},\"image\":{\"@id\":\"https:\/\/femivoz.es\/fr\/#\/schema\/logo\/image\/\"},\"sameAs\":[\"https:\/\/www.facebook.com\/femivoz\",\"https:\/\/x.com\/femivoz\",\"https:\/\/www.instagram.com\/femivoz\/\",\"https:\/\/www.linkedin.com\/in\/femivoz-mariela-astudillo-1401ab21a\/\",\"https:\/\/www.youtube.com\/channel\/UC33Zf-WKvD_Gd_tosA47SFw\"]},{\"@type\":\"Person\",\"@id\":\"https:\/\/femivoz.es\/fr\/#\/schema\/person\/bbadb0ea882eac10f0d7540a4621792c\",\"name\":\"FEMIVOZ\",\"image\":{\"@type\":\"ImageObject\",\"inLanguage\":\"fr-FR\",\"@id\":\"https:\/\/femivoz.es\/fr\/#\/schema\/person\/image\/\",\"url\":\"https:\/\/secure.gravatar.com\/avatar\/9bb57af3a3b0b0c7b54a4ccc4aff34bf27533559ead028e1fe79c3e8dd78504d?s=96&d=mm&r=g\",\"contentUrl\":\"https:\/\/secure.gravatar.com\/avatar\/9bb57af3a3b0b0c7b54a4ccc4aff34bf27533559ead028e1fe79c3e8dd78504d?s=96&d=mm&r=g\",\"caption\":\"FEMIVOZ\"},\"url\":\"https:\/\/femivoz.es\/fr\/author\/femivoz\/\"}]}<\/script>\n<!-- \/ Yoast SEO Premium plugin. -->","yoast_head_json":{"title":"Dysphonie fonctionnelle voix transgenre | Revue Digitale \u00c9motus | Femivoz","description":"Dysphonie fonctionnelle dans la voix transgenre. Malmenage et abus vocal : cas de dysphonie musculo-tensionnelle primaire voix transgenre.","robots":{"index":"index","follow":"follow","max-snippet":"max-snippet:-1","max-image-preview":"max-image-preview:large","max-video-preview":"max-video-preview:-1"},"canonical":"https:\/\/femivoz.es\/fr\/dysphonie-fonctionnelle-dans-la-voix-transgenre\/","og_locale":"fr_FR","og_type":"article","og_title":"Dysphonie fonctionnelle dans la voix transgenre","og_description":"Dysphonie fonctionnelle dans la voix transgenre. Malmenage et abus vocal : cas de dysphonie musculo-tensionnelle primaire voix transgenre.","og_url":"https:\/\/femivoz.es\/fr\/dysphonie-fonctionnelle-dans-la-voix-transgenre\/","og_site_name":"Femivoz","article_publisher":"https:\/\/www.facebook.com\/femivoz","article_published_time":"2022-02-25T08:23:06+00:00","article_modified_time":"2024-06-27T17:44:22+00:00","og_image":[{"width":820,"height":315,"url":"https:\/\/femivoz.es\/wp-content\/uploads\/Disfonia-funcional-en-la-voz-transgenero.png","type":"image\/png"}],"author":"FEMIVOZ","twitter_card":"summary_large_image","twitter_creator":"@femivoz","twitter_site":"@femivoz","twitter_misc":{"\u00c9crit par":"FEMIVOZ","Dur\u00e9e de lecture estim\u00e9e":"7 minutes"},"schema":{"@context":"https:\/\/schema.org","@graph":[{"@type":"Article","@id":"https:\/\/femivoz.es\/fr\/dysphonie-fonctionnelle-dans-la-voix-transgenre\/#article","isPartOf":{"@id":"https:\/\/femivoz.es\/fr\/dysphonie-fonctionnelle-dans-la-voix-transgenre\/"},"author":{"name":"FEMIVOZ","@id":"https:\/\/femivoz.es\/fr\/#\/schema\/person\/bbadb0ea882eac10f0d7540a4621792c"},"headline":"Dysphonie fonctionnelle dans la voix transgenre","datePublished":"2022-02-25T08:23:06+00:00","dateModified":"2024-06-27T17:44:22+00:00","mainEntityOfPage":{"@id":"https:\/\/femivoz.es\/fr\/dysphonie-fonctionnelle-dans-la-voix-transgenre\/"},"wordCount":1532,"publisher":{"@id":"https:\/\/femivoz.es\/fr\/#organization"},"image":{"@id":"https:\/\/femivoz.es\/fr\/dysphonie-fonctionnelle-dans-la-voix-transgenre\/#primaryimage"},"thumbnailUrl":"https:\/\/femivoz.es\/wp-content\/uploads\/Disfonia-funcional-en-la-voz-transgenero.png","keywords":["#DYSPHONIE","#PATHOLOGIEVOCALE","#VOIXTRANSGENRE"],"articleSection":["LOGOP\u00c9DIE","PATHOLOGIE VOCALE","SANT\u00c9 VOCALE"],"inLanguage":"fr-FR"},{"@type":"WebPage","@id":"https:\/\/femivoz.es\/fr\/dysphonie-fonctionnelle-dans-la-voix-transgenre\/","url":"https:\/\/femivoz.es\/fr\/dysphonie-fonctionnelle-dans-la-voix-transgenre\/","name":"Dysphonie fonctionnelle voix transgenre | Revue Digitale \u00c9motus | Femivoz","isPartOf":{"@id":"https:\/\/femivoz.es\/fr\/#website"},"primaryImageOfPage":{"@id":"https:\/\/femivoz.es\/fr\/dysphonie-fonctionnelle-dans-la-voix-transgenre\/#primaryimage"},"image":{"@id":"https:\/\/femivoz.es\/fr\/dysphonie-fonctionnelle-dans-la-voix-transgenre\/#primaryimage"},"thumbnailUrl":"https:\/\/femivoz.es\/wp-content\/uploads\/Disfonia-funcional-en-la-voz-transgenero.png","datePublished":"2022-02-25T08:23:06+00:00","dateModified":"2024-06-27T17:44:22+00:00","description":"Dysphonie fonctionnelle dans la voix transgenre. Malmenage et abus vocal : cas de dysphonie musculo-tensionnelle primaire voix transgenre.","breadcrumb":{"@id":"https:\/\/femivoz.es\/fr\/dysphonie-fonctionnelle-dans-la-voix-transgenre\/#breadcrumb"},"inLanguage":"fr-FR","potentialAction":[{"@type":"ReadAction","target":["https:\/\/femivoz.es\/fr\/dysphonie-fonctionnelle-dans-la-voix-transgenre\/"]}]},{"@type":"ImageObject","inLanguage":"fr-FR","@id":"https:\/\/femivoz.es\/fr\/dysphonie-fonctionnelle-dans-la-voix-transgenre\/#primaryimage","url":"https:\/\/femivoz.es\/wp-content\/uploads\/Disfonia-funcional-en-la-voz-transgenero.png","contentUrl":"https:\/\/femivoz.es\/wp-content\/uploads\/Disfonia-funcional-en-la-voz-transgenero.png","width":820,"height":315,"caption":"Disfoni\u0301a funcional en la voz transge\u0301nero"},{"@type":"BreadcrumbList","@id":"https:\/\/femivoz.es\/fr\/dysphonie-fonctionnelle-dans-la-voix-transgenre\/#breadcrumb","itemListElement":[{"@type":"ListItem","position":1,"name":"Portada","item":"https:\/\/femivoz.es\/"},{"@type":"ListItem","position":2,"name":"Dysphonie fonctionnelle dans la voix transgenre"}]},{"@type":"WebSite","@id":"https:\/\/femivoz.es\/fr\/#website","url":"https:\/\/femivoz.es\/fr\/","name":"Femivoz","description":"F\u00e9minisation de la voix en ligne avec la logop\u00e8de Mariela Astudillo. S\u00e9ances en ligne. 1\u00ba RDV Gratuit.","publisher":{"@id":"https:\/\/femivoz.es\/fr\/#organization"},"potentialAction":[{"@type":"SearchAction","target":{"@type":"EntryPoint","urlTemplate":"https:\/\/femivoz.es\/fr\/?s={search_term_string}"},"query-input":{"@type":"PropertyValueSpecification","valueRequired":true,"valueName":"search_term_string"}}],"inLanguage":"fr-FR"},{"@type":"Organization","@id":"https:\/\/femivoz.es\/fr\/#organization","name":"FEMIVOZ","url":"https:\/\/femivoz.es\/fr\/","logo":{"@type":"ImageObject","inLanguage":"fr-FR","@id":"https:\/\/femivoz.es\/fr\/#\/schema\/logo\/image\/","url":"https:\/\/femivoz.es\/wp-content\/uploads\/2018\/05\/Logo-femivoz-2018-HD-B.png","contentUrl":"https:\/\/femivoz.es\/wp-content\/uploads\/2018\/05\/Logo-femivoz-2018-HD-B.png","width":2210,"height":658,"caption":"FEMIVOZ"},"image":{"@id":"https:\/\/femivoz.es\/fr\/#\/schema\/logo\/image\/"},"sameAs":["https:\/\/www.facebook.com\/femivoz","https:\/\/x.com\/femivoz","https:\/\/www.instagram.com\/femivoz\/","https:\/\/www.linkedin.com\/in\/femivoz-mariela-astudillo-1401ab21a\/","https:\/\/www.youtube.com\/channel\/UC33Zf-WKvD_Gd_tosA47SFw"]},{"@type":"Person","@id":"https:\/\/femivoz.es\/fr\/#\/schema\/person\/bbadb0ea882eac10f0d7540a4621792c","name":"FEMIVOZ","image":{"@type":"ImageObject","inLanguage":"fr-FR","@id":"https:\/\/femivoz.es\/fr\/#\/schema\/person\/image\/","url":"https:\/\/secure.gravatar.com\/avatar\/9bb57af3a3b0b0c7b54a4ccc4aff34bf27533559ead028e1fe79c3e8dd78504d?s=96&d=mm&r=g","contentUrl":"https:\/\/secure.gravatar.com\/avatar\/9bb57af3a3b0b0c7b54a4ccc4aff34bf27533559ead028e1fe79c3e8dd78504d?s=96&d=mm&r=g","caption":"FEMIVOZ"},"url":"https:\/\/femivoz.es\/fr\/author\/femivoz\/"}]}},"_links":{"self":[{"href":"https:\/\/femivoz.es\/fr\/wp-json\/wp\/v2\/posts\/36799","targetHints":{"allow":["GET"]}}],"collection":[{"href":"https:\/\/femivoz.es\/fr\/wp-json\/wp\/v2\/posts"}],"about":[{"href":"https:\/\/femivoz.es\/fr\/wp-json\/wp\/v2\/types\/post"}],"author":[{"embeddable":true,"href":"https:\/\/femivoz.es\/fr\/wp-json\/wp\/v2\/users\/367"}],"replies":[{"embeddable":true,"href":"https:\/\/femivoz.es\/fr\/wp-json\/wp\/v2\/comments?post=36799"}],"version-history":[{"count":3,"href":"https:\/\/femivoz.es\/fr\/wp-json\/wp\/v2\/posts\/36799\/revisions"}],"predecessor-version":[{"id":54043,"href":"https:\/\/femivoz.es\/fr\/wp-json\/wp\/v2\/posts\/36799\/revisions\/54043"}],"wp:featuredmedia":[{"embeddable":true,"href":"https:\/\/femivoz.es\/fr\/wp-json\/wp\/v2\/media\/53654"}],"wp:attachment":[{"href":"https:\/\/femivoz.es\/fr\/wp-json\/wp\/v2\/media?parent=36799"}],"wp:term":[{"taxonomy":"category","embeddable":true,"href":"https:\/\/femivoz.es\/fr\/wp-json\/wp\/v2\/categories?post=36799"},{"taxonomy":"post_tag","embeddable":true,"href":"https:\/\/femivoz.es\/fr\/wp-json\/wp\/v2\/tags?post=36799"}],"curies":[{"name":"wp","href":"https:\/\/api.w.org\/{rel}","templated":true}]}}