{"id":41834,"date":"2022-06-27T11:59:50","date_gmt":"2022-06-27T11:59:50","guid":{"rendered":"https:\/\/femivoz.es\/la-feminizacion-de-la-voz-en-mujeres-cisgenero-y-el-reajuste-voco-emocional\/"},"modified":"2022-06-27T12:38:55","modified_gmt":"2022-06-27T12:38:55","slug":"la-feminisation-de-la-voix-chez-les-femmes-cisgenres-et-le-reajustement-voco-emotionnel","status":"publish","type":"post","link":"https:\/\/femivoz.es\/fr\/la-feminisation-de-la-voix-chez-les-femmes-cisgenres-et-le-reajustement-voco-emotionnel\/","title":{"rendered":"La f\u00e9minisation de la voix chez les femmes cisgenres et le r\u00e9ajustement voco-\u00e9motionnel"},"content":{"rendered":"\n<h2 class=\"wp-block-heading\" id=\"h-\"><span style=\"color: #fc0064;\"><strong><a href=\"https:\/\/femivoz.es\/wp-content\/uploads\/2022\/03\/Capture-de\u0301cran-2022-03-16-a\u0300-17.11.23.png\"><\/a><\/strong><\/span><\/h2>\n\n\n\n<div class=\"wp-block-cover\" style=\"min-height:154px;aspect-ratio:unset;\"><span aria-hidden=\"true\" class=\"wp-block-cover__background has-background-dim-100 has-background-dim\" style=\"background-color:#6e7171\"><\/span><div class=\"wp-block-cover__inner-container is-layout-flow wp-block-cover-is-layout-flow\">\n<p style=\"text-align: justify;\"><strong><em>\u00ab\u00a0L&rsquo;entra\u00eenement vocal de r\u00e9ajustement voco-\u00e9motionnel leur permet ainsi non seulement de d\u00e9couvrir leur outil de communication, mais \u00e9galement de l&rsquo;appr\u00e9cier, de l&rsquo;utiliser de fa\u00e7on coh\u00e9rente afin de r\u00e9tablir une coh\u00e9sion avec l&rsquo;entourage, bas\u00e9e sur un \u00e9change vocal harmonieux&#8230;\u00a0\u00bb<\/em><\/strong><\/p>\n<\/div><\/div>\n\n\n<p style=\"text-align: justify;\"><span style=\"font-weight: 400;\">Lorsque j&rsquo;ai commenc\u00e9 \u00e0 travailler dans le domaine de la f\u00e9minisation de la voix, le 100% de mes patientes \u00e9taient des femmes transgenres ressentant le besoin d&rsquo;apporter plus de f\u00e9minit\u00e9 \u00e0 leur fa\u00e7on de s&rsquo;exprimer. Aujourd&rsquo;hui, 40% de mes patientes sont des femmes cisgenres qui ressentent le besoin (souvent motiv\u00e9 par la demande d&rsquo;un proche: conjoint.e.x, enfants\u2026) d&rsquo;apporter plus de f\u00e9minit\u00e9, mais surtout plus de coh\u00e9rence lorsqu&rsquo;elles s&rsquo;expriment.<\/span><\/p>\n<p style=\"text-align: justify;\"><span style=\"font-weight: 400;\">En effet, bien que leur demande se traduisent par l&rsquo;expression \u201cje souhaite f\u00e9miniser ma voix\u201d, la demande cache une source bien plus \u00e9motionnelle. Ainsi, la plupart des femmes cisgenres qui font appel \u00e0 mes services pour un entra\u00eenement de f\u00e9minisation de la voix pr\u00e9sentent en r\u00e9alit\u00e9 des difficult\u00e9s \u00e0 exprimer leurs \u00e9motions, ce qui donne lieu \u00e0 une fa\u00e7on de s&rsquo;exprimer peu coh\u00e9rente et d\u00e9stabilisante pour leur entourage.<\/span><\/p>\n<p style=\"text-align: justify;\"><span style=\"font-weight: 400;\">Je ne pense pas que le pourcentage de cas ait augment\u00e9 soudainement lors des derni\u00e8res d\u00e9cennies, je pense plut\u00f4t qu\u2019\u00e0 l\u2019\u00e9poque il n&rsquo;y avait pas de professionnels suffisamment form\u00e9s et\/ou exp\u00e9riment\u00e9s pour r\u00e9pondre \u00e0 ce genre de demande. Aujourd&rsquo;hui, gr\u00e2ce \u00e0 l&rsquo;explosion de la f\u00e9minisation de la voix due \u00e0 l&rsquo;augmentation de la demande de la part des femmes transgenres, les femmes cisgenres se rendent compte qu&rsquo;elles ont \u00e9galement acc\u00e8s \u00e0 ce genre d&rsquo;entra\u00eenement vocal.<\/span><\/p>\n<p style=\"text-align: justify;\">\u00a0<\/p>\n<h2 style=\"text-align: justify;\"><span style=\"color: #ff0064;\"><b>Blocage entre \u00e9motions et expression de soi<\/b><\/span><\/h2>\n<p style=\"text-align: justify;\"><span style=\"font-weight: 400;\">Un des \u00e9l\u00e9ments les plus r\u00e9v\u00e9lateurs, voire surprenants, c&rsquo;est que dans la plupart des cas, la demande surgit suite \u00e0 des remarques provenant de l&rsquo;entourage envers la voix de l\u2019apprentie: un mari qui lui t\u00e9moigne que sa voix est trop \u201cforte\u201d, des enfants qui lui expriment qu\u2019elle semble toujours \u201cf\u00e2ch\u00e9e\u201d\u2026 En d\u00e9finitive, l\u2019apprentie est confront\u00e9e \u00e0 un entourage qui r\u00e9pond de fa\u00e7on incoh\u00e9rente \u00e0 ce qu&rsquo;elle pense exprimer.<\/span><\/p>\n<p style=\"text-align: justify;\"><span style=\"font-weight: 400;\">Dans ces cas, l&rsquo;entra\u00eenement dit de <\/span><i><span style=\"font-weight: 400;\">f\u00e9minisation de la voix<\/span><\/i><span style=\"font-weight: 400;\"> consiste en r\u00e9alit\u00e9 \u00e0 d\u00e9coincer le blocage expressif de l&rsquo;apprentie.\u00a0<\/span><\/p>\n<p style=\"text-align: justify;\"><span style=\"font-weight: 400;\">Que ce soit de par leur \u00e9ducation, leur v\u00e9cu, leur culture, mes apprenties pr\u00e9sentent habituellement une dyspathie expressive ou un d\u00e9sajustement au niveau de l&rsquo;expression de leurs \u00e9motions. Ce ph\u00e9nom\u00e8ne peut \u00eatre expliqu\u00e9 par diverses raisons qui sont tr\u00e8s variables en fonction des cas. N\u00e9anmoins, l&rsquo;intervention dif\u00e8re de celle appliqu\u00e9e dans les cas de f\u00e9minisation de la voix transgenre car elle vise \u00e0 d\u00e9faire un noeud \u00e9motionnel important qui aura un impact sur l&rsquo;enti\u00e8ret\u00e9 de la vie de l&rsquo;apprentie.<\/span><\/p>\n<h3 style=\"text-align: justify;\">\u00a0<\/h3>\n<h2 style=\"text-align: justify;\"><span style=\"color: #ff0064;\"><b>Un travail vocal qui change une vie<\/b><\/span><\/h2>\n<p style=\"text-align: justify;\"><span style=\"font-weight: 400;\">Il ne faut jamais n\u00e9gliger l&rsquo;impact de la voix sur la vie d&rsquo;une personne. En effet, que ce soit au niveau professionnel, dans le milieu familial, au sein du foyer\u2026 la voix est utilis\u00e9e comme un moyen de communication, comme un outil existentiel de transmission des pens\u00e9es, d&rsquo;\u00e9motions, comme une connexion entre les diff\u00e9rentes parties, et lorsqu&rsquo;il existe un d\u00e9sajustement \u00e0 ce niveau, tout peut s&rsquo;effondrer.<\/span><\/p>\n<p style=\"text-align: justify;\"><span style=\"font-weight: 400;\">Pour cela, ce genre d&rsquo;entra\u00eenement vocal n\u00e9cessite de faire appel \u00e0 des \u00e9l\u00e9ments extr\u00eamement sensibles comme la confiance, la connaissance de soi, l\u2019histoire personnelle\u2026\u00a0 <\/span><span style=\"font-weight: 400;\">tout cela fusionn\u00e9 bien s\u00fbr avec la d\u00e9couverte de l&rsquo;expression \u00e9motionnelle, de l&rsquo;outil de communication, de la personnalit\u00e9.<\/span><\/p>\n<p style=\"text-align: justify;\"><span style=\"font-weight: 400;\">Dans la plupart des cas, les femmes cisgenres avec lesquelles j&rsquo;ai travaill\u00e9, pr\u00e9sentaient de fa\u00e7on sous-jacente un besoin de d\u00e9veloppement personnel et de compr\u00e9hension de la fa\u00e7on qu&rsquo;elles avaient d&rsquo;exprimer leurs \u00e9motions, leurs envies, leur <\/span><i><span style=\"font-weight: 400;\">moi<\/span><\/i><span style=\"font-weight: 400;\">. Il existe, dans la plupart des cas, un d\u00e9sajustement entre la fa\u00e7on qu&rsquo;elles ont d&rsquo;exprimer le message qu&rsquo;elle souhaite communiquer et le contenu m\u00eame du message. C&rsquo;est alors que surgit une incoh\u00e9rence qui trouble la communication, qui cr\u00e9e des distances relationnelles et qui finit par isoler l\u2019apprentie dans un monde de solitude vocale et expressive.<\/span><\/p>\n<p style=\"text-align: justify;\"><span style=\"font-weight: 400;\">L&rsquo;entra\u00eenement vocal de r\u00e9ajustement voco-\u00e9motionnel leur permet ainsi non seulement de d\u00e9couvrir leur outil de communication, mais \u00e9galement de l&rsquo;appr\u00e9cier, de l&rsquo;utiliser de fa\u00e7on coh\u00e9rente afin de r\u00e9tablir une coh\u00e9sion avec l&rsquo;entourage, bas\u00e9e sur un \u00e9change vocal harmonieux.<\/span><span style=\"font-weight: 400;\">\u00a0<\/span><\/p>\n<p style=\"text-align: justify;\"><span style=\"font-weight: 400;\">En d\u00e9finitive, mes apprenties apprennent \u00e0 utiliser leurs voix, \u00e0 exprimer leurs \u00e9motions \u00e0 travers la voix, \u00e0 d\u00e9couvrir leur personnalit\u00e9 vocale et globale, \u00e0 retrouver une f\u00e9minit\u00e9 et \u00e0 l&rsquo;exprimer \u00e0 travers la parole et le tout agenc\u00e9 de fa\u00e7on \u00e9quilibr\u00e9e et saine.<\/span><\/p>\n<p style=\"text-align: justify;\">\u00a0<\/p>\n<h2 style=\"text-align: justify;\"><span style=\"color: #ff0064;\"><b>Que travaillons-nous pendant les s\u00e9ances de r\u00e9ajustement voco-\u00e9motionnel ?<\/b><\/span><\/h2>\n<p style=\"text-align: justify;\"><span style=\"font-weight: 400;\">La demande \u00e9tant initialement motiv\u00e9e par le besoin d\u2019augmenter la f\u00e9minit\u00e9 au niveau vocal et expressif, nous visons \u00e0 d\u00e9velopper les param\u00e8tres vocaux propres de la m\u00e9thode Astudillo, \u00e0 savoir, la m\u00e9lodie, l&rsquo;articulation, le volume, le rythme et l&rsquo;expressivit\u00e9 faciale et vocale. Nous veillons \u00e0 introduire dans cette dynamique de travail une recherche introspective quant \u00e0 l&rsquo;\u00e9quilibre voco-\u00e9motionnel, une fortification de la confiance en soi, un d\u00e9veloppement personnel bas\u00e9 sur le droit \u00e0 s&rsquo;exprimer et comment le faire.<\/span><\/p>\n<p style=\"text-align: justify;\"><span style=\"font-weight: 400;\">L&rsquo;apprentie finit par se d\u00e9couvrir, d\u00e9couvrir son expressivit\u00e9, \u00e0 savoir, sa capacit\u00e9 \u00e0 exprimer des \u00e9motions, \u00e0 leur donner un sens, une signification, et son \u00e9motionnalit\u00e9, \u00e0 savoir, sa capacit\u00e9 \u00e0 g\u00e9rer ses \u00e9motions. Le blocage initial se situant entre l&rsquo;expression de la personnalit\u00e9 et de l&rsquo;identit\u00e9 de l&rsquo;apprentie \u00e0 travers la voix et la fa\u00e7on de s&rsquo;exprimer, le tout accompagn\u00e9 d&rsquo;un manque de capacit\u00e9 \u00e0 traduire ses \u00e9motions dans un langage vocal et corporel, l&rsquo;apprentie r\u00e9ussit \u00e0 travers l&rsquo;entra\u00eenement de r\u00e9ajustement voco-\u00e9motionnel \u00e0 atteindre un \u00e9quilibre qui lui permettra de communiquer davantage avec son entourage, de le faire de fa\u00e7on coh\u00e9rente et en totale harmonie avec ses propres \u00e9motions, sa personnalit\u00e9 et son identit\u00e9.\u00a0<\/span><\/p>\n\n\t\t<div data-elementor-type=\"section\" data-elementor-id=\"34320\" class=\"elementor elementor-34320 elementor-33276\" data-elementor-settings=\"{&quot;ha_cmc_init_switcher&quot;:&quot;no&quot;}\" data-elementor-post-type=\"elementor_library\">\n\t\t\t\t\t<section class=\"elementor-section elementor-top-section elementor-element elementor-element-542beec5 elementor-section-boxed elementor-section-height-default elementor-section-height-default\" data-id=\"542beec5\" data-element_type=\"section\" data-settings=\"{&quot;jet_parallax_layout_list&quot;:[{&quot;jet_parallax_layout_image&quot;:{&quot;url&quot;:&quot;&quot;,&quot;id&quot;:&quot;&quot;,&quot;size&quot;:&quot;&quot;},&quot;_id&quot;:&quot;5ea9a02&quot;,&quot;jet_parallax_layout_image_tablet&quot;:{&quot;url&quot;:&quot;&quot;,&quot;id&quot;:&quot;&quot;,&quot;size&quot;:&quot;&quot;},&quot;jet_parallax_layout_image_mobile&quot;:{&quot;url&quot;:&quot;&quot;,&quot;id&quot;:&quot;&quot;,&quot;size&quot;:&quot;&quot;},&quot;jet_parallax_layout_speed&quot;:{&quot;unit&quot;:&quot;%&quot;,&quot;size&quot;:50,&quot;sizes&quot;:[]},&quot;jet_parallax_layout_type&quot;:&quot;scroll&quot;,&quot;jet_parallax_layout_direction&quot;:&quot;1&quot;,&quot;jet_parallax_layout_fx_direction&quot;:null,&quot;jet_parallax_layout_z_index&quot;:&quot;&quot;,&quot;jet_parallax_layout_bg_x&quot;:50,&quot;jet_parallax_layout_bg_x_tablet&quot;:&quot;&quot;,&quot;jet_parallax_layout_bg_x_mobile&quot;:&quot;&quot;,&quot;jet_parallax_layout_bg_y&quot;:50,&quot;jet_parallax_layout_bg_y_tablet&quot;:&quot;&quot;,&quot;jet_parallax_layout_bg_y_mobile&quot;:&quot;&quot;,&quot;jet_parallax_layout_bg_size&quot;:&quot;auto&quot;,&quot;jet_parallax_layout_bg_size_tablet&quot;:&quot;&quot;,&quot;jet_parallax_layout_bg_size_mobile&quot;:&quot;&quot;,&quot;jet_parallax_layout_animation_prop&quot;:&quot;transform&quot;,&quot;jet_parallax_layout_on&quot;:[&quot;desktop&quot;,&quot;tablet&quot;]}],&quot;_ha_eqh_enable&quot;:false}\">\n\t\t\t\t\t\t<div class=\"elementor-container elementor-column-gap-default\">\n\t\t\t\t\t<div class=\"elementor-column elementor-col-50 elementor-top-column elementor-element elementor-element-64e71277\" data-id=\"64e71277\" data-element_type=\"column\">\n\t\t\t<div class=\"elementor-widget-wrap elementor-element-populated\">\n\t\t\t\t\t\t<div class=\"elementor-element elementor-element-7022d361 elementor-widget elementor-widget-image\" data-id=\"7022d361\" data-element_type=\"widget\" data-widget_type=\"image.default\">\n\t\t\t\t\t\t\t\t\t\t\t\t\t\t\t<img fetchpriority=\"high\" decoding=\"async\" width=\"1080\" height=\"1400\" src=\"https:\/\/femivoz.es\/wp-content\/uploads\/2021\/11\/MARIELA-BLOG.png\" class=\"attachment-full size-full wp-image-33120\" alt=\"Mariela Astudillo Logop\u00e8de sp\u00e9cialis\u00e9e en f\u00e9minisation de la voix\" srcset=\"https:\/\/femivoz.es\/wp-content\/uploads\/2021\/11\/MARIELA-BLOG.png 1080w, https:\/\/femivoz.es\/wp-content\/uploads\/2021\/11\/MARIELA-BLOG-510x661.png 510w, https:\/\/femivoz.es\/wp-content\/uploads\/2021\/11\/MARIELA-BLOG-231x300.png 231w, https:\/\/femivoz.es\/wp-content\/uploads\/2021\/11\/MARIELA-BLOG-790x1024.png 790w, https:\/\/femivoz.es\/wp-content\/uploads\/2021\/11\/MARIELA-BLOG-768x996.png 768w\" sizes=\"(max-width: 1080px) 100vw, 1080px\" \/>\t\t\t\t\t\t\t\t\t\t\t\t\t\t\t<\/div>\n\t\t\t\t\t<\/div>\n\t\t<\/div>\n\t\t\t\t<div class=\"elementor-column elementor-col-50 elementor-top-column elementor-element elementor-element-5aa3ddd6\" data-id=\"5aa3ddd6\" data-element_type=\"column\">\n\t\t\t<div class=\"elementor-widget-wrap elementor-element-populated\">\n\t\t\t\t\t\t<div class=\"elementor-element elementor-element-5b974e60 elementor-widget elementor-widget-text-editor\" data-id=\"5b974e60\" data-element_type=\"widget\" data-widget_type=\"text-editor.default\">\n\t\t\t\t\t\t\t\t\t<h3 style=\"text-align: left;\"><span style=\"color: #808080;\">ARTICLE \u00c9CRIT PAR<\/span><\/h3>\t\t\t\t\t\t\t\t<\/div>\n\t\t\t\t<div class=\"elementor-element elementor-element-8906216 elementor-widget elementor-widget-text-editor\" data-id=\"8906216\" data-element_type=\"widget\" data-widget_type=\"text-editor.default\">\n\t\t\t\t\t\t\t\t\t<p style=\"text-align: left;\"><span style=\"color: #000000;\"><strong>MARIELA ASTUDILLO<\/strong><\/span><\/p>\t\t\t\t\t\t\t\t<\/div>\n\t\t\t\t<div class=\"elementor-element elementor-element-7c1cfe65 elementor-widget elementor-widget-text-editor\" data-id=\"7c1cfe65\" data-element_type=\"widget\" data-widget_type=\"text-editor.default\">\n\t\t\t\t\t\t\t\t\t<p style=\"text-align: left;\"><em>Logop\u00e8de sp\u00e9cialis\u00e9e en <a href=\"https:\/\/femivoz.es\/fr\/feminisation-de-la-voix\/\"><strong>f\u00e9minisation de la voix<\/strong><\/a>, auteure de la Logop\u00e8die \u00c9motionnelle et de la M\u00e9thode Astudillo<\/em><\/p>\t\t\t\t\t\t\t\t<\/div>\n\t\t\t\t<div class=\"elementor-element elementor-element-203dba3c elementor-align-left elementor-widget elementor-widget-button\" data-id=\"203dba3c\" data-element_type=\"widget\" data-widget_type=\"button.default\">\n\t\t\t\t\t\t\t\t\t\t<a class=\"elementor-button elementor-button-link elementor-size-sm\" href=\"https:\/\/femivoz.es\/fr\/calendrier-de-rendez-vous\/\">\n\t\t\t\t\t\t<span class=\"elementor-button-content-wrapper\">\n\t\t\t\t\t\t<span class=\"elementor-button-icon\">\n\t\t\t\t<svg aria-hidden=\"true\" class=\"e-font-icon-svg e-fas-book-reader\" viewBox=\"0 0 512 512\" xmlns=\"http:\/\/www.w3.org\/2000\/svg\"><path d=\"M352 96c0-53.02-42.98-96-96-96s-96 42.98-96 96 42.98 96 96 96 96-42.98 96-96zM233.59 241.1c-59.33-36.32-155.43-46.3-203.79-49.05C13.55 191.13 0 203.51 0 219.14v222.8c0 14.33 11.59 26.28 26.49 27.05 43.66 2.29 131.99 10.68 193.04 41.43 9.37 4.72 20.48-1.71 20.48-11.87V252.56c-.01-4.67-2.32-8.95-6.42-11.46zm248.61-49.05c-48.35 2.74-144.46 12.73-203.78 49.05-4.1 2.51-6.41 6.96-6.41 11.63v245.79c0 10.19 11.14 16.63 20.54 11.9 61.04-30.72 149.32-39.11 192.97-41.4 14.9-.78 26.49-12.73 26.49-27.06V219.14c-.01-15.63-13.56-28.01-29.81-27.09z\"><\/path><\/svg>\t\t\t<\/span>\n\t\t\t\t\t\t\t\t\t<span class=\"elementor-button-text\">DEMANDEZ VOTRE 1\u00ba RDV GRATUIT<\/span>\n\t\t\t\t\t<\/span>\n\t\t\t\t\t<\/a>\n\t\t\t\t\t\t\t\t<\/div>\n\t\t\t\t\t<\/div>\n\t\t<\/div>\n\t\t\t\t\t<\/div>\n\t\t<\/section>\n\t\t\t\t<\/div>\n\t\t\n\n\n\n<p><\/p>\n","protected":false},"excerpt":{"rendered":"<p>Lorsque j&rsquo;ai commenc\u00e9 \u00e0 travailler dans le domaine de la f\u00e9minisation de la voix, le 100% de mes patientes \u00e9taient des femmes transgenres ressentant le besoin d&rsquo;apporter plus de f\u00e9minit\u00e9 \u00e0 leur fa\u00e7on de s&rsquo;exprimer. Aujourd&rsquo;hui, 40% de mes patientes sont des femmes cisgenres qui ressentent le besoin (souvent motiv\u00e9 par la demande d&rsquo;un proche: [&hellip;]<\/p>\n","protected":false},"author":3,"featured_media":52534,"comment_status":"closed","ping_status":"open","sticky":false,"template":"","format":"standard","meta":{"_acf_changed":false,"footnotes":""},"categories":[311,58,312],"tags":[247,414,161],"class_list":["post-41834","post","type-post","status-publish","format-standard","has-post-thumbnail","hentry","category-feminisation-de-la-voix","category-logopedie","category-voix","tag-feminisation-de-la-voix","tag-logopedie","tag-methode-astudillo"],"acf":[],"yoast_head":"<!-- This site is optimized with the Yoast SEO Premium plugin v19.6 (Yoast SEO v26.7) - https:\/\/yoast.com\/wordpress\/plugins\/seo\/ -->\n<title>La f\u00e9minisation de la voix chez les femmes cisgenres et le r\u00e9ajustement voco-\u00e9motionnel | Revue Digitale Emotus | Femivoz<\/title>\n<meta name=\"description\" content=\"Explications du lien entre les \u00e9motions et la f\u00e9minisation chez les femmes cisgenres.\" \/>\n<meta name=\"robots\" content=\"index, follow, max-snippet:-1, max-image-preview:large, max-video-preview:-1\" \/>\n<link rel=\"canonical\" href=\"https:\/\/femivoz.es\/fr\/la-feminisation-de-la-voix-chez-les-femmes-cisgenres-et-le-reajustement-voco-emotionnel\/\" \/>\n<meta property=\"og:locale\" content=\"fr_FR\" \/>\n<meta property=\"og:type\" content=\"article\" \/>\n<meta property=\"og:title\" content=\"La f\u00e9minisation de la voix chez les femmes cisgenres et le r\u00e9ajustement voco-\u00e9motionnel\" \/>\n<meta property=\"og:description\" content=\"Explications du lien entre les \u00e9motions et la f\u00e9minisation chez les femmes cisgenres.\" \/>\n<meta property=\"og:url\" content=\"https:\/\/femivoz.es\/fr\/la-feminisation-de-la-voix-chez-les-femmes-cisgenres-et-le-reajustement-voco-emotionnel\/\" \/>\n<meta property=\"og:site_name\" content=\"Femivoz\" \/>\n<meta property=\"article:publisher\" content=\"https:\/\/www.facebook.com\/femivoz\" \/>\n<meta property=\"article:published_time\" content=\"2022-06-27T11:59:50+00:00\" \/>\n<meta property=\"article:modified_time\" content=\"2022-06-27T12:38:55+00:00\" \/>\n<meta property=\"og:image\" content=\"https:\/\/femivoz.es\/wp-content\/uploads\/2022\/06\/reaju-voco.png\" \/>\n\t<meta property=\"og:image:width\" content=\"828\" \/>\n\t<meta property=\"og:image:height\" content=\"315\" \/>\n\t<meta property=\"og:image:type\" content=\"image\/png\" \/>\n<meta name=\"author\" content=\"MARIELA ASTUDILLO RAM\u00cdREZ\" \/>\n<meta name=\"twitter:card\" content=\"summary_large_image\" \/>\n<meta name=\"twitter:creator\" content=\"@femivoz\" \/>\n<meta name=\"twitter:site\" content=\"@femivoz\" \/>\n<meta name=\"twitter:label1\" content=\"\u00c9crit par\" \/>\n\t<meta name=\"twitter:data1\" content=\"MARIELA ASTUDILLO RAM\u00cdREZ\" \/>\n\t<meta name=\"twitter:label2\" content=\"Dur\u00e9e de lecture estim\u00e9e\" \/>\n\t<meta name=\"twitter:data2\" content=\"5 minutes\" \/>\n<script type=\"application\/ld+json\" class=\"yoast-schema-graph\">{\"@context\":\"https:\/\/schema.org\",\"@graph\":[{\"@type\":\"Article\",\"@id\":\"https:\/\/femivoz.es\/fr\/la-feminisation-de-la-voix-chez-les-femmes-cisgenres-et-le-reajustement-voco-emotionnel\/#article\",\"isPartOf\":{\"@id\":\"https:\/\/femivoz.es\/fr\/la-feminisation-de-la-voix-chez-les-femmes-cisgenres-et-le-reajustement-voco-emotionnel\/\"},\"author\":{\"name\":\"MARIELA ASTUDILLO RAM\u00cdREZ\",\"@id\":\"https:\/\/femivoz.es\/fr\/#\/schema\/person\/b3c51235c8abe8a338ef08d1a5f4f177\"},\"headline\":\"La f\u00e9minisation de la voix chez les femmes cisgenres et le r\u00e9ajustement voco-\u00e9motionnel\",\"datePublished\":\"2022-06-27T11:59:50+00:00\",\"dateModified\":\"2022-06-27T12:38:55+00:00\",\"mainEntityOfPage\":{\"@id\":\"https:\/\/femivoz.es\/fr\/la-feminisation-de-la-voix-chez-les-femmes-cisgenres-et-le-reajustement-voco-emotionnel\/\"},\"wordCount\":1081,\"publisher\":{\"@id\":\"https:\/\/femivoz.es\/fr\/#organization\"},\"image\":{\"@id\":\"https:\/\/femivoz.es\/fr\/la-feminisation-de-la-voix-chez-les-femmes-cisgenres-et-le-reajustement-voco-emotionnel\/#primaryimage\"},\"thumbnailUrl\":\"https:\/\/femivoz.es\/wp-content\/uploads\/reajuste-voco-emocional-1.png\",\"keywords\":[\"#F\u00c9MINISATIONDELAVOIX\",\"#LOGOP\u00c9DIE\",\"#M\u00c9THODEASTUDILLO\"],\"articleSection\":[\"F\u00c9MINISATION DE LA VOIX\",\"LOGOP\u00c9DIE\",\"VOIX\"],\"inLanguage\":\"fr-FR\"},{\"@type\":\"WebPage\",\"@id\":\"https:\/\/femivoz.es\/fr\/la-feminisation-de-la-voix-chez-les-femmes-cisgenres-et-le-reajustement-voco-emotionnel\/\",\"url\":\"https:\/\/femivoz.es\/fr\/la-feminisation-de-la-voix-chez-les-femmes-cisgenres-et-le-reajustement-voco-emotionnel\/\",\"name\":\"La f\u00e9minisation de la voix chez les femmes cisgenres et le r\u00e9ajustement voco-\u00e9motionnel | Revue Digitale Emotus | Femivoz\",\"isPartOf\":{\"@id\":\"https:\/\/femivoz.es\/fr\/#website\"},\"primaryImageOfPage\":{\"@id\":\"https:\/\/femivoz.es\/fr\/la-feminisation-de-la-voix-chez-les-femmes-cisgenres-et-le-reajustement-voco-emotionnel\/#primaryimage\"},\"image\":{\"@id\":\"https:\/\/femivoz.es\/fr\/la-feminisation-de-la-voix-chez-les-femmes-cisgenres-et-le-reajustement-voco-emotionnel\/#primaryimage\"},\"thumbnailUrl\":\"https:\/\/femivoz.es\/wp-content\/uploads\/reajuste-voco-emocional-1.png\",\"datePublished\":\"2022-06-27T11:59:50+00:00\",\"dateModified\":\"2022-06-27T12:38:55+00:00\",\"description\":\"Explications du lien entre les \u00e9motions et la f\u00e9minisation chez les femmes cisgenres.\",\"breadcrumb\":{\"@id\":\"https:\/\/femivoz.es\/fr\/la-feminisation-de-la-voix-chez-les-femmes-cisgenres-et-le-reajustement-voco-emotionnel\/#breadcrumb\"},\"inLanguage\":\"fr-FR\",\"potentialAction\":[{\"@type\":\"ReadAction\",\"target\":[\"https:\/\/femivoz.es\/fr\/la-feminisation-de-la-voix-chez-les-femmes-cisgenres-et-le-reajustement-voco-emotionnel\/\"]}]},{\"@type\":\"ImageObject\",\"inLanguage\":\"fr-FR\",\"@id\":\"https:\/\/femivoz.es\/fr\/la-feminisation-de-la-voix-chez-les-femmes-cisgenres-et-le-reajustement-voco-emotionnel\/#primaryimage\",\"url\":\"https:\/\/femivoz.es\/wp-content\/uploads\/reajuste-voco-emocional-1.png\",\"contentUrl\":\"https:\/\/femivoz.es\/wp-content\/uploads\/reajuste-voco-emocional-1.png\",\"width\":828,\"height\":315,\"caption\":\"La f\u00e9minisation de la voix chez les femmes cisgenres\"},{\"@type\":\"BreadcrumbList\",\"@id\":\"https:\/\/femivoz.es\/fr\/la-feminisation-de-la-voix-chez-les-femmes-cisgenres-et-le-reajustement-voco-emotionnel\/#breadcrumb\",\"itemListElement\":[{\"@type\":\"ListItem\",\"position\":1,\"name\":\"Portada\",\"item\":\"https:\/\/femivoz.es\/\"},{\"@type\":\"ListItem\",\"position\":2,\"name\":\"La f\u00e9minisation de la voix chez les femmes cisgenres et le r\u00e9ajustement voco-\u00e9motionnel\"}]},{\"@type\":\"WebSite\",\"@id\":\"https:\/\/femivoz.es\/fr\/#website\",\"url\":\"https:\/\/femivoz.es\/fr\/\",\"name\":\"Femivoz\",\"description\":\"F\u00e9minisation de la voix en ligne avec la logop\u00e8de Mariela Astudillo. S\u00e9ances en ligne. 1\u00ba RDV Gratuit.\",\"publisher\":{\"@id\":\"https:\/\/femivoz.es\/fr\/#organization\"},\"potentialAction\":[{\"@type\":\"SearchAction\",\"target\":{\"@type\":\"EntryPoint\",\"urlTemplate\":\"https:\/\/femivoz.es\/fr\/?s={search_term_string}\"},\"query-input\":{\"@type\":\"PropertyValueSpecification\",\"valueRequired\":true,\"valueName\":\"search_term_string\"}}],\"inLanguage\":\"fr-FR\"},{\"@type\":\"Organization\",\"@id\":\"https:\/\/femivoz.es\/fr\/#organization\",\"name\":\"FEMIVOZ\",\"url\":\"https:\/\/femivoz.es\/fr\/\",\"logo\":{\"@type\":\"ImageObject\",\"inLanguage\":\"fr-FR\",\"@id\":\"https:\/\/femivoz.es\/fr\/#\/schema\/logo\/image\/\",\"url\":\"https:\/\/femivoz.es\/wp-content\/uploads\/2018\/05\/Logo-femivoz-2018-HD-B.png\",\"contentUrl\":\"https:\/\/femivoz.es\/wp-content\/uploads\/2018\/05\/Logo-femivoz-2018-HD-B.png\",\"width\":2210,\"height\":658,\"caption\":\"FEMIVOZ\"},\"image\":{\"@id\":\"https:\/\/femivoz.es\/fr\/#\/schema\/logo\/image\/\"},\"sameAs\":[\"https:\/\/www.facebook.com\/femivoz\",\"https:\/\/x.com\/femivoz\",\"https:\/\/www.instagram.com\/femivoz\/\",\"https:\/\/www.linkedin.com\/in\/femivoz-mariela-astudillo-1401ab21a\/\",\"https:\/\/www.youtube.com\/channel\/UC33Zf-WKvD_Gd_tosA47SFw\"]},{\"@type\":\"Person\",\"@id\":\"https:\/\/femivoz.es\/fr\/#\/schema\/person\/b3c51235c8abe8a338ef08d1a5f4f177\",\"name\":\"MARIELA ASTUDILLO RAM\u00cdREZ\",\"image\":{\"@type\":\"ImageObject\",\"inLanguage\":\"fr-FR\",\"@id\":\"https:\/\/femivoz.es\/fr\/#\/schema\/person\/image\/\",\"url\":\"https:\/\/secure.gravatar.com\/avatar\/928f9828915696e14c2a38413871ed84aee84ab3d58353f47c32d0ca8c11a9d6?s=96&d=mm&r=g\",\"contentUrl\":\"https:\/\/secure.gravatar.com\/avatar\/928f9828915696e14c2a38413871ed84aee84ab3d58353f47c32d0ca8c11a9d6?s=96&d=mm&r=g\",\"caption\":\"MARIELA ASTUDILLO RAM\u00cdREZ\"},\"sameAs\":[\"http:\/\/www.femivoz.es\"],\"url\":\"https:\/\/femivoz.es\/fr\/author\/astudillomariela\/\"}]}<\/script>\n<!-- \/ Yoast SEO Premium plugin. -->","yoast_head_json":{"title":"La f\u00e9minisation de la voix chez les femmes cisgenres et le r\u00e9ajustement voco-\u00e9motionnel | Revue Digitale Emotus | Femivoz","description":"Explications du lien entre les \u00e9motions et la f\u00e9minisation chez les femmes cisgenres.","robots":{"index":"index","follow":"follow","max-snippet":"max-snippet:-1","max-image-preview":"max-image-preview:large","max-video-preview":"max-video-preview:-1"},"canonical":"https:\/\/femivoz.es\/fr\/la-feminisation-de-la-voix-chez-les-femmes-cisgenres-et-le-reajustement-voco-emotionnel\/","og_locale":"fr_FR","og_type":"article","og_title":"La f\u00e9minisation de la voix chez les femmes cisgenres et le r\u00e9ajustement voco-\u00e9motionnel","og_description":"Explications du lien entre les \u00e9motions et la f\u00e9minisation chez les femmes cisgenres.","og_url":"https:\/\/femivoz.es\/fr\/la-feminisation-de-la-voix-chez-les-femmes-cisgenres-et-le-reajustement-voco-emotionnel\/","og_site_name":"Femivoz","article_publisher":"https:\/\/www.facebook.com\/femivoz","article_published_time":"2022-06-27T11:59:50+00:00","article_modified_time":"2022-06-27T12:38:55+00:00","og_image":[{"width":828,"height":315,"url":"https:\/\/femivoz.es\/wp-content\/uploads\/2022\/06\/reaju-voco.png","type":"image\/png"}],"author":"MARIELA ASTUDILLO RAM\u00cdREZ","twitter_card":"summary_large_image","twitter_creator":"@femivoz","twitter_site":"@femivoz","twitter_misc":{"\u00c9crit par":"MARIELA ASTUDILLO RAM\u00cdREZ","Dur\u00e9e de lecture estim\u00e9e":"5 minutes"},"schema":{"@context":"https:\/\/schema.org","@graph":[{"@type":"Article","@id":"https:\/\/femivoz.es\/fr\/la-feminisation-de-la-voix-chez-les-femmes-cisgenres-et-le-reajustement-voco-emotionnel\/#article","isPartOf":{"@id":"https:\/\/femivoz.es\/fr\/la-feminisation-de-la-voix-chez-les-femmes-cisgenres-et-le-reajustement-voco-emotionnel\/"},"author":{"name":"MARIELA ASTUDILLO RAM\u00cdREZ","@id":"https:\/\/femivoz.es\/fr\/#\/schema\/person\/b3c51235c8abe8a338ef08d1a5f4f177"},"headline":"La f\u00e9minisation de la voix chez les femmes cisgenres et le r\u00e9ajustement voco-\u00e9motionnel","datePublished":"2022-06-27T11:59:50+00:00","dateModified":"2022-06-27T12:38:55+00:00","mainEntityOfPage":{"@id":"https:\/\/femivoz.es\/fr\/la-feminisation-de-la-voix-chez-les-femmes-cisgenres-et-le-reajustement-voco-emotionnel\/"},"wordCount":1081,"publisher":{"@id":"https:\/\/femivoz.es\/fr\/#organization"},"image":{"@id":"https:\/\/femivoz.es\/fr\/la-feminisation-de-la-voix-chez-les-femmes-cisgenres-et-le-reajustement-voco-emotionnel\/#primaryimage"},"thumbnailUrl":"https:\/\/femivoz.es\/wp-content\/uploads\/reajuste-voco-emocional-1.png","keywords":["#F\u00c9MINISATIONDELAVOIX","#LOGOP\u00c9DIE","#M\u00c9THODEASTUDILLO"],"articleSection":["F\u00c9MINISATION DE LA VOIX","LOGOP\u00c9DIE","VOIX"],"inLanguage":"fr-FR"},{"@type":"WebPage","@id":"https:\/\/femivoz.es\/fr\/la-feminisation-de-la-voix-chez-les-femmes-cisgenres-et-le-reajustement-voco-emotionnel\/","url":"https:\/\/femivoz.es\/fr\/la-feminisation-de-la-voix-chez-les-femmes-cisgenres-et-le-reajustement-voco-emotionnel\/","name":"La f\u00e9minisation de la voix chez les femmes cisgenres et le r\u00e9ajustement voco-\u00e9motionnel | Revue Digitale Emotus | Femivoz","isPartOf":{"@id":"https:\/\/femivoz.es\/fr\/#website"},"primaryImageOfPage":{"@id":"https:\/\/femivoz.es\/fr\/la-feminisation-de-la-voix-chez-les-femmes-cisgenres-et-le-reajustement-voco-emotionnel\/#primaryimage"},"image":{"@id":"https:\/\/femivoz.es\/fr\/la-feminisation-de-la-voix-chez-les-femmes-cisgenres-et-le-reajustement-voco-emotionnel\/#primaryimage"},"thumbnailUrl":"https:\/\/femivoz.es\/wp-content\/uploads\/reajuste-voco-emocional-1.png","datePublished":"2022-06-27T11:59:50+00:00","dateModified":"2022-06-27T12:38:55+00:00","description":"Explications du lien entre les \u00e9motions et la f\u00e9minisation chez les femmes cisgenres.","breadcrumb":{"@id":"https:\/\/femivoz.es\/fr\/la-feminisation-de-la-voix-chez-les-femmes-cisgenres-et-le-reajustement-voco-emotionnel\/#breadcrumb"},"inLanguage":"fr-FR","potentialAction":[{"@type":"ReadAction","target":["https:\/\/femivoz.es\/fr\/la-feminisation-de-la-voix-chez-les-femmes-cisgenres-et-le-reajustement-voco-emotionnel\/"]}]},{"@type":"ImageObject","inLanguage":"fr-FR","@id":"https:\/\/femivoz.es\/fr\/la-feminisation-de-la-voix-chez-les-femmes-cisgenres-et-le-reajustement-voco-emotionnel\/#primaryimage","url":"https:\/\/femivoz.es\/wp-content\/uploads\/reajuste-voco-emocional-1.png","contentUrl":"https:\/\/femivoz.es\/wp-content\/uploads\/reajuste-voco-emocional-1.png","width":828,"height":315,"caption":"La f\u00e9minisation de la voix chez les femmes cisgenres"},{"@type":"BreadcrumbList","@id":"https:\/\/femivoz.es\/fr\/la-feminisation-de-la-voix-chez-les-femmes-cisgenres-et-le-reajustement-voco-emotionnel\/#breadcrumb","itemListElement":[{"@type":"ListItem","position":1,"name":"Portada","item":"https:\/\/femivoz.es\/"},{"@type":"ListItem","position":2,"name":"La f\u00e9minisation de la voix chez les femmes cisgenres et le r\u00e9ajustement voco-\u00e9motionnel"}]},{"@type":"WebSite","@id":"https:\/\/femivoz.es\/fr\/#website","url":"https:\/\/femivoz.es\/fr\/","name":"Femivoz","description":"F\u00e9minisation de la voix en ligne avec la logop\u00e8de Mariela Astudillo. S\u00e9ances en ligne. 1\u00ba RDV Gratuit.","publisher":{"@id":"https:\/\/femivoz.es\/fr\/#organization"},"potentialAction":[{"@type":"SearchAction","target":{"@type":"EntryPoint","urlTemplate":"https:\/\/femivoz.es\/fr\/?s={search_term_string}"},"query-input":{"@type":"PropertyValueSpecification","valueRequired":true,"valueName":"search_term_string"}}],"inLanguage":"fr-FR"},{"@type":"Organization","@id":"https:\/\/femivoz.es\/fr\/#organization","name":"FEMIVOZ","url":"https:\/\/femivoz.es\/fr\/","logo":{"@type":"ImageObject","inLanguage":"fr-FR","@id":"https:\/\/femivoz.es\/fr\/#\/schema\/logo\/image\/","url":"https:\/\/femivoz.es\/wp-content\/uploads\/2018\/05\/Logo-femivoz-2018-HD-B.png","contentUrl":"https:\/\/femivoz.es\/wp-content\/uploads\/2018\/05\/Logo-femivoz-2018-HD-B.png","width":2210,"height":658,"caption":"FEMIVOZ"},"image":{"@id":"https:\/\/femivoz.es\/fr\/#\/schema\/logo\/image\/"},"sameAs":["https:\/\/www.facebook.com\/femivoz","https:\/\/x.com\/femivoz","https:\/\/www.instagram.com\/femivoz\/","https:\/\/www.linkedin.com\/in\/femivoz-mariela-astudillo-1401ab21a\/","https:\/\/www.youtube.com\/channel\/UC33Zf-WKvD_Gd_tosA47SFw"]},{"@type":"Person","@id":"https:\/\/femivoz.es\/fr\/#\/schema\/person\/b3c51235c8abe8a338ef08d1a5f4f177","name":"MARIELA ASTUDILLO RAM\u00cdREZ","image":{"@type":"ImageObject","inLanguage":"fr-FR","@id":"https:\/\/femivoz.es\/fr\/#\/schema\/person\/image\/","url":"https:\/\/secure.gravatar.com\/avatar\/928f9828915696e14c2a38413871ed84aee84ab3d58353f47c32d0ca8c11a9d6?s=96&d=mm&r=g","contentUrl":"https:\/\/secure.gravatar.com\/avatar\/928f9828915696e14c2a38413871ed84aee84ab3d58353f47c32d0ca8c11a9d6?s=96&d=mm&r=g","caption":"MARIELA ASTUDILLO RAM\u00cdREZ"},"sameAs":["http:\/\/www.femivoz.es"],"url":"https:\/\/femivoz.es\/fr\/author\/astudillomariela\/"}]}},"_links":{"self":[{"href":"https:\/\/femivoz.es\/fr\/wp-json\/wp\/v2\/posts\/41834","targetHints":{"allow":["GET"]}}],"collection":[{"href":"https:\/\/femivoz.es\/fr\/wp-json\/wp\/v2\/posts"}],"about":[{"href":"https:\/\/femivoz.es\/fr\/wp-json\/wp\/v2\/types\/post"}],"author":[{"embeddable":true,"href":"https:\/\/femivoz.es\/fr\/wp-json\/wp\/v2\/users\/3"}],"replies":[{"embeddable":true,"href":"https:\/\/femivoz.es\/fr\/wp-json\/wp\/v2\/comments?post=41834"}],"version-history":[{"count":0,"href":"https:\/\/femivoz.es\/fr\/wp-json\/wp\/v2\/posts\/41834\/revisions"}],"wp:featuredmedia":[{"embeddable":true,"href":"https:\/\/femivoz.es\/fr\/wp-json\/wp\/v2\/media\/52534"}],"wp:attachment":[{"href":"https:\/\/femivoz.es\/fr\/wp-json\/wp\/v2\/media?parent=41834"}],"wp:term":[{"taxonomy":"category","embeddable":true,"href":"https:\/\/femivoz.es\/fr\/wp-json\/wp\/v2\/categories?post=41834"},{"taxonomy":"post_tag","embeddable":true,"href":"https:\/\/femivoz.es\/fr\/wp-json\/wp\/v2\/tags?post=41834"}],"curies":[{"name":"wp","href":"https:\/\/api.w.org\/{rel}","templated":true}]}}